{"id":25384,"date":"2024-02-23T18:01:40","date_gmt":"2024-02-24T00:01:40","guid":{"rendered":"https:\/\/labestiapolitica.com.mx\/?p=25384"},"modified":"2024-02-23T18:01:40","modified_gmt":"2024-02-24T00:01:40","slug":"lanza-sedeco-convocatoria-del-premio-tlaxcala-a-la-competitividad-2024","status":"publish","type":"post","link":"https:\/\/labestiapolitica.com.mx\/?p=25384","title":{"rendered":"Lanza SEDECO convocatoria del premio Tlaxcala a la competitividad 2024."},"content":{"rendered":"<ul>\n<li style=\"text-align: justify;\">Ser\u00e1 la entrega n\u00famero 17 de este galard\u00f3n a las empresas, organizaciones e instituciones p\u00fablicas y privadas, que se distinguen por sus procesos y resultados de excelencia<\/li>\n<\/ul>\n<p style=\"text-align: justify;\">El Gobierno del estado, a trav\u00e9s de la Secretar\u00eda de Desarrollo Econ\u00f3mico (Sedeco), lanz\u00f3 la convocatoria del \u201cPremio Tlaxcala a la Competitividad 2024\u201d e invit\u00f3 a las micro, peque\u00f1as y medianas empresas tlaxcaltecas, as\u00ed como a instituciones educativas privadas o p\u00fablicas y dependencias de gobierno, a participar.<\/p>\n<p style=\"text-align: justify;\">Lo anterior, como parte de las acciones que impulsa la administraci\u00f3n que encabeza la gobernadora Lorena Cu\u00e9llar Cisneros para promover la innovaci\u00f3n y la excelencia entre las empresas asentadas en la entidad.<\/p>\n<p style=\"text-align: justify;\">Las y los interesados en obtener este galard\u00f3n, que es una distinci\u00f3n a la calidad de las compa\u00f1\u00edas que busca estimular el potencial productivo en el estado de Tlaxcala, podr\u00e1n registrarse hasta el pr\u00f3ximo 12 de abril.<\/p>\n<p style=\"text-align: justify;\">En el marco de la presentaci\u00f3n de la convocatoria correspondiente a la entrega n\u00famero 17 de este premio, cuya entrega estar\u00e1 a cargo de la gobernadora, el titular de la Sedeco, Javier Marroqu\u00edn Calder\u00f3n, dio a conocer las bases, requisitos de participaci\u00f3n, categor\u00edas, as\u00ed como el proceso de evaluaci\u00f3n de las empresas aspirantes.<\/p>\n<p style=\"text-align: justify;\">En su intervenci\u00f3n, la coordinadora general del Grupo Evaluador, Yahaira L\u00f3pez Temoltzin, mencion\u00f3 que este galard\u00f3n tiene como fundamento el Modelo Nacional de Transformaci\u00f3n Organizacional, el cual es el marco de referencia bajo el cual se trabaja para lograr que las organizaciones tlaxcaltecas sean excepcionales y se distingan como ejemplos inspiradores en el camino a la excelencia.<\/p>\n<p style=\"text-align: justify;\">En su mensaje, el director general de Grupo Empresarial Salaverry, Miguel Salda\u00f1a Jim\u00e9nez, coment\u00f3 que est\u00e1n orgullosos de haber recibido el Premio Tlaxcala a la Competitividad 2023, gracias a un arduo trabajo, esfuerzo y dedicaci\u00f3n que ha rendido grandes frutos.<\/p>\n<p>Refiri\u00f3 que haber participado en la pasada edici\u00f3n les sirvi\u00f3 para identificar muchas de las fortalezas que, en las actividades diarias, dan por sentadas, y que son parte de su filosof\u00eda y cultura, las cuales, han contribuido a alcanzar el lugar que actualmente ocupan.<\/p>\n<p style=\"text-align: justify;\">El \u201cPremio Tlaxcala a la Competitividad\u201d tiene como finalidad reconocer a las empresas, organizaciones o instituciones tlaxcaltecas, p\u00fablicas y privadas que, mediante sus procesos y acciones de excelencia, se apegan al Modelo Nacional para la Competitividad.<\/p>\n<p style=\"text-align: justify;\">Para m\u00e1s informaci\u00f3n, las y los postulantes pueden consultar las bases de la convocatoria en las redes sociales de la Sedeco, as\u00ed como en su portal en l\u00ednea.<\/p>\n<p style=\"text-align: justify;\">En el evento tambi\u00e9n estuvieron presentes la secretaria de Turismo, Josefina Rodr\u00edguez Zamora y el titular de la oficina de representaci\u00f3n federal del Trabajo en Tlaxcala, Miguel Ra\u00fal P\u00e9rez S\u00e1nchez, as\u00ed como el encargado del despacho de la oficina de representaci\u00f3n de la Profepa en Tlaxcala, Mario Hern\u00e1ndez Guti\u00e9rrez y el gerente general de Trefilados Inoxidables de M\u00e9xico, Sergio Ramos V\u00e1zquez.<\/p>\n","protected":false},"excerpt":{"rendered":"<p>Ser\u00e1 la entrega n\u00famero 17 de este galard\u00f3n a las empresas, organizaciones e instituciones p\u00fablicas y privadas, que se distinguen por sus procesos y resultados de excelencia El Gobierno del estado, a trav\u00e9s de la Secretar\u00eda de Desarrollo Econ\u00f3mico (Sedeco), lanz\u00f3 la convocatoria del \u201cPremio Tlaxcala a la Competitividad 2024\u201d e invit\u00f3 a las micro, [&hellip;]<\/p>\n","protected":false},"author":3,"featured_media":25385,"comment_status":"open","ping_status":"open","sticky":false,"template":"","format":"standard","meta":{"footnotes":""},"categories":[7],"tags":[],"class_list":["post-25384","post","type-post","status-publish","format-standard","has-post-thumbnail","hentry","category-ciudadanos"],"amp_enabled":true,"_links":{"self":[{"href":"https:\/\/labestiapolitica.com.mx\/index.php?rest_route=\/wp\/v2\/posts\/25384","targetHints":{"allow":["GET"]}}],"collection":[{"href":"https:\/\/labestiapolitica.com.mx\/index.php?rest_route=\/wp\/v2\/posts"}],"about":[{"href":"https:\/\/labestiapolitica.com.mx\/index.php?rest_route=\/wp\/v2\/types\/post"}],"author":[{"embeddable":true,"href":"https:\/\/labestiapolitica.com.mx\/index.php?rest_route=\/wp\/v2\/users\/3"}],"replies":[{"embeddable":true,"href":"https:\/\/labestiapolitica.com.mx\/index.php?rest_route=%2Fwp%2Fv2%2Fcomments&post=25384"}],"version-history":[{"count":1,"href":"https:\/\/labestiapolitica.com.mx\/index.php?rest_route=\/wp\/v2\/posts\/25384\/revisions"}],"predecessor-version":[{"id":25386,"href":"https:\/\/labestiapolitica.com.mx\/index.php?rest_route=\/wp\/v2\/posts\/25384\/revisions\/25386"}],"wp:featuredmedia":[{"embeddable":true,"href":"https:\/\/labestiapolitica.com.mx\/index.php?rest_route=\/wp\/v2\/media\/25385"}],"wp:attachment":[{"href":"https:\/\/labestiapolitica.com.mx\/index.php?rest_route=%2Fwp%2Fv2%2Fmedia&parent=25384"}],"wp:term":[{"taxonomy":"category","embeddable":true,"href":"https:\/\/labestiapolitica.com.mx\/index.php?rest_route=%2Fwp%2Fv2%2Fcategories&post=25384"},{"taxonomy":"post_tag","embeddable":true,"href":"https:\/\/labestiapolitica.com.mx\/index.php?rest_route=%2Fwp%2Fv2%2Ftags&post=25384"}],"curies":[{"name":"wp","href":"https:\/\/api.w.org\/{rel}","templated":true}]}}