{"id":25414,"date":"2024-02-29T15:37:35","date_gmt":"2024-02-29T21:37:35","guid":{"rendered":"https:\/\/labestiapolitica.com.mx\/?p=25414"},"modified":"2024-02-29T15:37:35","modified_gmt":"2024-02-29T21:37:35","slug":"julio-cesar-galicia-nava-se-titula-en-la-uatx-por-promedio-y-con-felicitaciones-como-licenciado-en-derecho","status":"publish","type":"post","link":"https:\/\/labestiapolitica.com.mx\/?p=25414","title":{"rendered":"Julio C\u00e9sar Galicia Nava, se titula en la UATx por promedio y con felicitaciones como licenciado en derecho."},"content":{"rendered":"<p style=\"text-align: justify;\">La m\u00e1xima casa de estudios en el estado de Tlaxcala UATx, a trav\u00e9s de la Facultad de Derecho, Ciencias Pol\u00edticas y Criminolog\u00eda, efectu\u00f3 el pasado 27 de febrero de esta anualidad, la toma de protesta de sus nuevos profesionistas de la generaci\u00f3n 2019-2024.<\/p>\n<p style=\"text-align: justify;\">El escenario de este evento fue el auditorio interactivo Manuel Lardiz\u00e1bal y Uribe, de la misma facultad.<\/p>\n<p style=\"text-align: justify;\">En el acto, los ciudadanos sinodales, hicieron un reconocimiento y felicitaci\u00f3n especial al nuevo profesionista Lic. Julio Cesar Galicia Nava, al escoger su titulaci\u00f3n por promedio y con un puntaje de 9.5; al escuchar el mensaje del s\u00ednodo, hubo emoci\u00f3n y aplausos por parte de familiares y amigos.<\/p>\n<p style=\"text-align: justify;\">El Dr. Jos\u00e9 Luis Galicia Portillo y su distinguida esposa Mar\u00eda del Carmen Nava Cocoletzi, padres del graduado, al t\u00e9rmino del evento dieron a conocer sus muestras de felicidad y alegr\u00eda; por lo que al tomar sus impresiones por este medio de comunicaci\u00f3n, sobre la entrega de un nuevo profesionista a la sociedad tlaxcalteca, manifestaron el gran orgullo de haber realizados los sue\u00f1os de una familia comprometida en la educaci\u00f3n de sus hijos al entregar a la sociedad ya tres profesionistas un licenciado en ciencias pol\u00edticas, una medico y hoy un licenciado en derecho. \u201cNos sentimos orgullosos y satisfechos como padres, por haber cumplido esta meta acad\u00e9mica de nuestro hijo, hemos platicado que seguir\u00e1 estudios de especialidad y posgrado, pero hoy es felicidad y orgullo\u201d.<\/p>\n<p style=\"text-align: justify;\">En cuanto a las palabras de felicitaci\u00f3n, que recibi\u00f3 Julio Cesar, la familia Galicia Nava, puntualizo \u201c sin duda, fue muy emotivo en el que las l\u00e1grimas no pudimos contener, pues recordamos el compromiso que Julio, dese un inicio y hasta el final de su carrera mostro, tanto en Esfuerzo, compromiso, dedicaci\u00f3n, desvelos, a veces casi sin comer, la situaci\u00f3n econ\u00f3mica tambi\u00e9n en momentos fue dif\u00edcil, sin embargo el siempre aprovecho al m\u00e1ximo el apoyo que le compartimos y escuchar el mensaje del honorable s\u00ednodo, sin duda nos hace comprender que hemos hecho lo correcto.\u201d<\/p>\n<p style=\"text-align: justify;\">Al solicitarle unas palabras al nuevo profesionista, comparti\u00f3 que eligi\u00f3 ser un abogado porque ama su carrera y por el deseo de servir con calidad y calidez a la sociedad.<\/p>\n<p style=\"text-align: justify;\">Es importante se\u00f1alar que los ciudadanos sinodales en este evento fueron el Lic. Dante Morales Cruz, presidente; como secretario el Mtro. Rodolfo Leonardo Ortiz Gallardo, mientras que la licenciada In\u00e9s Carvente B\u00e1ez, fungi\u00f3 como vocal.<\/p>\n","protected":false},"excerpt":{"rendered":"<p>La m\u00e1xima casa de estudios en el estado de Tlaxcala UATx, a trav\u00e9s de la Facultad de Derecho, Ciencias Pol\u00edticas y Criminolog\u00eda, efectu\u00f3 el pasado 27 de febrero de esta anualidad, la toma de protesta de sus nuevos profesionistas de la generaci\u00f3n 2019-2024. El escenario de este evento fue el auditorio interactivo Manuel Lardiz\u00e1bal y [&hellip;]<\/p>\n","protected":false},"author":3,"featured_media":25415,"comment_status":"open","ping_status":"open","sticky":false,"template":"","format":"standard","meta":{"footnotes":""},"categories":[7],"tags":[],"class_list":["post-25414","post","type-post","status-publish","format-standard","has-post-thumbnail","hentry","category-ciudadanos"],"amp_enabled":true,"_links":{"self":[{"href":"https:\/\/labestiapolitica.com.mx\/index.php?rest_route=\/wp\/v2\/posts\/25414","targetHints":{"allow":["GET"]}}],"collection":[{"href":"https:\/\/labestiapolitica.com.mx\/index.php?rest_route=\/wp\/v2\/posts"}],"about":[{"href":"https:\/\/labestiapolitica.com.mx\/index.php?rest_route=\/wp\/v2\/types\/post"}],"author":[{"embeddable":true,"href":"https:\/\/labestiapolitica.com.mx\/index.php?rest_route=\/wp\/v2\/users\/3"}],"replies":[{"embeddable":true,"href":"https:\/\/labestiapolitica.com.mx\/index.php?rest_route=%2Fwp%2Fv2%2Fcomments&post=25414"}],"version-history":[{"count":1,"href":"https:\/\/labestiapolitica.com.mx\/index.php?rest_route=\/wp\/v2\/posts\/25414\/revisions"}],"predecessor-version":[{"id":25416,"href":"https:\/\/labestiapolitica.com.mx\/index.php?rest_route=\/wp\/v2\/posts\/25414\/revisions\/25416"}],"wp:featuredmedia":[{"embeddable":true,"href":"https:\/\/labestiapolitica.com.mx\/index.php?rest_route=\/wp\/v2\/media\/25415"}],"wp:attachment":[{"href":"https:\/\/labestiapolitica.com.mx\/index.php?rest_route=%2Fwp%2Fv2%2Fmedia&parent=25414"}],"wp:term":[{"taxonomy":"category","embeddable":true,"href":"https:\/\/labestiapolitica.com.mx\/index.php?rest_route=%2Fwp%2Fv2%2Fcategories&post=25414"},{"taxonomy":"post_tag","embeddable":true,"href":"https:\/\/labestiapolitica.com.mx\/index.php?rest_route=%2Fwp%2Fv2%2Ftags&post=25414"}],"curies":[{"name":"wp","href":"https:\/\/api.w.org\/{rel}","templated":true}]}}