{"id":25424,"date":"2024-02-29T17:37:02","date_gmt":"2024-02-29T23:37:02","guid":{"rendered":"https:\/\/labestiapolitica.com.mx\/?p=25424"},"modified":"2024-02-29T17:37:25","modified_gmt":"2024-02-29T23:37:25","slug":"reconoce-cedh-a-super-rivera-como-empresa-comprometida-con-los-derechos-humanos","status":"publish","type":"post","link":"https:\/\/labestiapolitica.com.mx\/?p=25424","title":{"rendered":"Reconoce CEDH a S\u00faper Rivera como \u201cEmpresa Comprometida con los Derechos Humanos\u201d."},"content":{"rendered":"<p style=\"text-align: justify;\">Se trata de una empresa tlaxcalteca l\u00edder en la comercializaci\u00f3n de productos de abarrotes que promueve el respeto de los derechos humanos en sus 35 sucursales<\/p>\n<p style=\"text-align: justify;\">Por tratarse de una empresa con m\u00e1s de 30 a\u00f1os de trabajo que, desde sus inicios, tuvo el objetivo de trabajar en equipo para lograr resultados excepcionales creando una cultura de trabajo enfocada en el respeto a los derechos humanos, este d\u00eda, la Comisi\u00f3n Estatal de Derechos Humanos de Tlaxcala (CEDH) otorg\u00f3 el distintivo \u201cEmpresa comprometida con los derechos humanos\u201d a \u201cS\u00faper Rivera\u201d, tanto a CEDIS Rivera, que es su Centro de Distribuci\u00f3n como al corporativo Rivera, integrado por sus \u00e1reas de Recursos Humanos, Sistemas, Auditor\u00eda, Mercadotecnia, Finanzas, entre otras.<\/p>\n<p style=\"text-align: justify;\">Lo anterior, derivado a que esta empresa, logr\u00f3 acreditar los siete ejes para respetar y promover los derechos humanos de sus trabajadores con base a los est\u00e1ndares internacionales establecidos por la Organizaci\u00f3n de Naciones Unidas (ONU), apost\u00e1ndole a ambientes laborales donde exista y se promueva una cultura de paz, demostrando con ello su profundo compromiso con los valores fundamentales que une a las personas y que sirven de inspiraci\u00f3n para que otras empresas hagan lo propio.<\/p>\n<p style=\"text-align: justify;\">La presidenta de la CEDH, Jakqueline Ordo\u00f1ez Brasdefer, precis\u00f3 que, si bien, este organismo se encarga de defender los derechos de las personas por actos de las servidoras y servidores p\u00fablicos, en casos como \u00e9ste, reconoce la labor de empresarias y empresarios comprometidos con los derechos humanos dentro de sus ambientes laborales, pues le apuestan a la construcci\u00f3n de una sociedad m\u00e1s equitativa y sostenible.<\/p>\n<p style=\"text-align: justify;\">Destac\u00f3 que la interacci\u00f3n que se genera al interior de las empresas como S\u00faper Rivera, resulta vital para que sean espacios donde se fomenten los beneficios de respetar los derechos humanos, toda vez que su personal tiene un contacto directo con los clientes, proveedores y con los propios integrantes de su familia, por lo que, si desde su espacio de trabajo se promueven valores como la no discriminaci\u00f3n, el respeto y otros, su impacto ser\u00e1 considerable.<\/p>\n<p style=\"text-align: justify;\">Al respecto, el director general de S\u00faper Rivera, Javier Rivera Bonilla, destac\u00f3 que este reconocimiento representa el compromiso constante que tienen para con la promoci\u00f3n y respeto de los derechos humanos, pues est\u00e1n conscientes de que esto es fundamental para llevar a cabo todas sus operaciones comerciales.<\/p>\n<p style=\"text-align: justify;\">Dijo que este distintito no solo valida su trabajo en la materia, sino que los impulsa a seguir trabajando arduamente para brindar un trato con dignidad y justicia a sus clientes y proveedores, pero tambi\u00e9n representa un recordatorio para tener presente que su trabajo no solo se basa en metas comerciales, sino en hacerlo de manera \u00e9tica, responsable y respetuosa.<\/p>\n<p style=\"text-align: justify;\">S\u00faper Rivera, es una empresa tlaxcalteca dedicada a la comercializaci\u00f3n de productos de abarrotes, tuvo su origen en 1989 donde se inaugur\u00f3 la primera miscel\u00e1nea de Rivera ubicada en el municipio de Apizaco, hoy en d\u00eda cuenta con 35 sucursales en el Estado de Tlaxcala, teniendo presencia en los principales municipios.<\/p>\n<p style=\"text-align: justify;\">Estuvieron presentes en este evento el gerente operativo de S\u00faper Rivera, Jos\u00e9 Pedro M\u00e9ndez R\u00edos, as\u00ed como el titular del Centro de Conciliaci\u00f3n Laboral del Estado de Tlaxcala, Jos\u00e9 Badillo Montiel.<\/p>\n","protected":false},"excerpt":{"rendered":"<p>Se trata de una empresa tlaxcalteca l\u00edder en la comercializaci\u00f3n de productos de abarrotes que promueve el respeto de los derechos humanos en sus 35 sucursales Por tratarse de una empresa con m\u00e1s de 30 a\u00f1os de trabajo que, desde sus inicios, tuvo el objetivo de trabajar en equipo para lograr resultados excepcionales creando una [&hellip;]<\/p>\n","protected":false},"author":3,"featured_media":25426,"comment_status":"open","ping_status":"open","sticky":false,"template":"","format":"standard","meta":{"footnotes":""},"categories":[7],"tags":[],"class_list":["post-25424","post","type-post","status-publish","format-standard","has-post-thumbnail","hentry","category-ciudadanos"],"amp_enabled":true,"_links":{"self":[{"href":"https:\/\/labestiapolitica.com.mx\/index.php?rest_route=\/wp\/v2\/posts\/25424","targetHints":{"allow":["GET"]}}],"collection":[{"href":"https:\/\/labestiapolitica.com.mx\/index.php?rest_route=\/wp\/v2\/posts"}],"about":[{"href":"https:\/\/labestiapolitica.com.mx\/index.php?rest_route=\/wp\/v2\/types\/post"}],"author":[{"embeddable":true,"href":"https:\/\/labestiapolitica.com.mx\/index.php?rest_route=\/wp\/v2\/users\/3"}],"replies":[{"embeddable":true,"href":"https:\/\/labestiapolitica.com.mx\/index.php?rest_route=%2Fwp%2Fv2%2Fcomments&post=25424"}],"version-history":[{"count":1,"href":"https:\/\/labestiapolitica.com.mx\/index.php?rest_route=\/wp\/v2\/posts\/25424\/revisions"}],"predecessor-version":[{"id":25427,"href":"https:\/\/labestiapolitica.com.mx\/index.php?rest_route=\/wp\/v2\/posts\/25424\/revisions\/25427"}],"wp:featuredmedia":[{"embeddable":true,"href":"https:\/\/labestiapolitica.com.mx\/index.php?rest_route=\/wp\/v2\/media\/25426"}],"wp:attachment":[{"href":"https:\/\/labestiapolitica.com.mx\/index.php?rest_route=%2Fwp%2Fv2%2Fmedia&parent=25424"}],"wp:term":[{"taxonomy":"category","embeddable":true,"href":"https:\/\/labestiapolitica.com.mx\/index.php?rest_route=%2Fwp%2Fv2%2Fcategories&post=25424"},{"taxonomy":"post_tag","embeddable":true,"href":"https:\/\/labestiapolitica.com.mx\/index.php?rest_route=%2Fwp%2Fv2%2Ftags&post=25424"}],"curies":[{"name":"wp","href":"https:\/\/api.w.org\/{rel}","templated":true}]}}