{"id":25452,"date":"2024-03-01T13:11:34","date_gmt":"2024-03-01T19:11:34","guid":{"rendered":"https:\/\/labestiapolitica.com.mx\/?p=25452"},"modified":"2024-03-01T13:15:51","modified_gmt":"2024-03-01T19:15:51","slug":"sectro-textil-una-de-las-fuentes-mas-importantes-de-desarrollo-para-los-tlaxcaltecas-cuellar-cisneros","status":"publish","type":"post","link":"https:\/\/labestiapolitica.com.mx\/?p=25452","title":{"rendered":"Sector Textil, una de las fuentes m\u00e1s importantes de desarrollo para los tlaxcaltecas: Cu\u00e9llar Cisneros."},"content":{"rendered":"<ul style=\"list-style-type: disc;\">\n<li style=\"text-align: justify;\">Al participar en la inauguraci\u00f3n de la edici\u00f3n 23 de Exintex, la mandataria report\u00f3 que en Tlaxcala se tiene un registro de 12 mil 795 industrias manufactureras<\/li>\n<\/ul>\n<p style=\"text-align: justify;\">Los gobernadores de Tlaxcala y Puebla, Lorena Cu\u00e9llar Cisneros y Sergio Salom\u00f3n C\u00e9spedes Peregrina, respectivamente, encabezaron la inauguraci\u00f3n de la edici\u00f3n n\u00famero 23 de la Exhibici\u00f3n Internacional Textil (Exintex), en el Centro Expositor de la entidad poblana.<\/p>\n<p style=\"text-align: justify;\">El evento, que se ha posicionado como la exhibici\u00f3n textil m\u00e1s importante de Am\u00e9rica Latina, la cual re\u00fane a m\u00e1s de 800 expositores provenientes de 27 estados del pa\u00eds y de 22 naciones como Estados Unidos, Canad\u00e1, Per\u00fa y Colombia; se espera que m\u00e1s de 30 mil visitantes acudan a la Exintex.<\/p>\n<p style=\"text-align: justify;\">En su mensaje, Lorena Cu\u00e9llar destac\u00f3 que el sector textil es uno de los pilares de la econom\u00eda tlaxcalteca, caracterizado por su dinamismo, arraigo y creatividad que lo han mantenido a trav\u00e9s de los siglos y que representa una de las fuentes m\u00e1s importantes de empleo, ingresos y desarrollo para miles de familias tlaxcaltecas.<\/p>\n<p style=\"text-align: justify;\">\u201cA noviembre de 2023, de acuerdo con los datos del Instituto Nacional de Estad\u00edstica y Geograf\u00eda en M\u00e9xico, Tlaxcala registr\u00f3 un total de 12 mil 795 unidades econ\u00f3micas de las industrias manufactureras, de las cuales 2 mil 521 corresponden al sector textil\u201d, resalt\u00f3.<\/p>\n<p style=\"text-align: justify;\">Ante los asistentes, la mandataria enfatiz\u00f3 que Exintex representa una oportunidad \u00fanica para mostrar al mundo la calidad, innovaci\u00f3n y diversidad de los productos textiles tlaxcaltecas, mexicanos y latinoamericanos.<\/p>\n<p style=\"text-align: justify;\">Agreg\u00f3 que \u201ces un evento que nos permite conocer las \u00faltimas tendencias tecnol\u00f3gicas y soluciones para el sector, as\u00ed como establecer contactos, alianzas y negocios con empresas y profesionales de todo el mundo en busca de mejores oportunidades de crecimiento\u201d.<\/p>\n<p style=\"text-align: justify;\">A\u00f1adi\u00f3 que en la edici\u00f3n 23 de este evento, Tlaxcala participa con 12 empresas representativas del sector textil, especializadas en vestido, calzado, fibras textiles, recicladas, dise\u00f1o de modas, hilados para cobijas, mochilas y art\u00edculos textiles para limpieza.<\/p>\n<p style=\"text-align: justify;\">Cu\u00e9llar Cisneros destac\u00f3 la participaci\u00f3n de ocho artistas tlaxcaltecas reconocidos a nivel nacional e internacional por su innovaci\u00f3n y calidad en la fabricaci\u00f3n de rebozos, blusas de pepenado, gabanes, tapetes, sarapes, camisas, entre otros productos.<\/p>\n<p style=\"text-align: justify;\">Finalmente, recalc\u00f3 que el gobierno de Tlaxcala trabaja para que todas las empresas encuentren las condiciones propicias para crecer y consolidar sus propios caminos. \u201cEstoy segura de que esta exhibici\u00f3n ser\u00e1 un \u00e9xito y contribuir\u00e1 al fortalecimiento y crecimiento del sector textil de la regi\u00f3n, que es clave para el desarrollo econ\u00f3mico y social de nuestros pueblos\u201d.<\/p>\n<p style=\"text-align: justify;\">A su vez, el mandatario poblano extern\u00f3 que, a lo largo de 23 a\u00f1os, la entidad ha tenido el privilegio de ser sede de un evento que hoy en d\u00eda es referente global por su capacidad de convocatoria y por ser un importante escaparate para la presentaci\u00f3n de las \u00faltimas tendencias textiles.<\/p>\n<p style=\"text-align: justify;\">\u201cPero esto nos lleva a que hoy busquemos ser un gobierno presente, que genere grandes alianzas como lo hacemos con Tlaxcala, en donde entendemos la gobernadora y su servidor, que nuestros problemas son comunes y nuestros retos tambi\u00e9n. Y que hacemos un compromiso muy importante para seguir abonando al tema de la seguridad\u201d, recalc\u00f3 C\u00e9spedes Peregrina.<\/p>\n<p style=\"text-align: justify;\">Las autoridades entregaron reconocimientos al presidente de la Asociaci\u00f3n Nacional de Empresarios Textiles, Carlos Couttolenc L\u00f3pez, as\u00ed como a los fundadores de Exintex a Alejandro Couttolenc Villar, a Jos\u00e9 Miguel Cort\u00e1zar de la Fuente y a Fernando Garc\u00eda Toruel Rivero.<\/p>\n<p style=\"text-align: justify;\">En el evento estuvieron el presidente de la C\u00e1mara de la Industria Textil de Puebla y Tlaxcala, Jorge Moreno Rojas; el presidente de la Comisi\u00f3n de Aduanas de la Confederaci\u00f3n de C\u00e1maras Industriales de los Estados Unidos Mexicanos, Manuel Espinosa Maurer; el presidente municipal de Puebla, Ad\u00e1n Dom\u00ednguez S\u00e1nchez, y el secretario de Econom\u00eda de Puebla, Jorge Ermilo Barrera Novelo, entre otras autoridades.<\/p>\n","protected":false},"excerpt":{"rendered":"<p>Al participar en la inauguraci\u00f3n de la edici\u00f3n 23 de Exintex, la mandataria report\u00f3 que en Tlaxcala se tiene un registro de 12 mil 795 industrias manufactureras Los gobernadores de Tlaxcala y Puebla, Lorena Cu\u00e9llar Cisneros y Sergio Salom\u00f3n C\u00e9spedes Peregrina, respectivamente, encabezaron la inauguraci\u00f3n de la edici\u00f3n n\u00famero 23 de la Exhibici\u00f3n Internacional Textil [&hellip;]<\/p>\n","protected":false},"author":3,"featured_media":25453,"comment_status":"open","ping_status":"open","sticky":false,"template":"","format":"standard","meta":{"footnotes":""},"categories":[7],"tags":[],"class_list":["post-25452","post","type-post","status-publish","format-standard","has-post-thumbnail","hentry","category-ciudadanos"],"amp_enabled":true,"_links":{"self":[{"href":"https:\/\/labestiapolitica.com.mx\/index.php?rest_route=\/wp\/v2\/posts\/25452","targetHints":{"allow":["GET"]}}],"collection":[{"href":"https:\/\/labestiapolitica.com.mx\/index.php?rest_route=\/wp\/v2\/posts"}],"about":[{"href":"https:\/\/labestiapolitica.com.mx\/index.php?rest_route=\/wp\/v2\/types\/post"}],"author":[{"embeddable":true,"href":"https:\/\/labestiapolitica.com.mx\/index.php?rest_route=\/wp\/v2\/users\/3"}],"replies":[{"embeddable":true,"href":"https:\/\/labestiapolitica.com.mx\/index.php?rest_route=%2Fwp%2Fv2%2Fcomments&post=25452"}],"version-history":[{"count":2,"href":"https:\/\/labestiapolitica.com.mx\/index.php?rest_route=\/wp\/v2\/posts\/25452\/revisions"}],"predecessor-version":[{"id":25456,"href":"https:\/\/labestiapolitica.com.mx\/index.php?rest_route=\/wp\/v2\/posts\/25452\/revisions\/25456"}],"wp:featuredmedia":[{"embeddable":true,"href":"https:\/\/labestiapolitica.com.mx\/index.php?rest_route=\/wp\/v2\/media\/25453"}],"wp:attachment":[{"href":"https:\/\/labestiapolitica.com.mx\/index.php?rest_route=%2Fwp%2Fv2%2Fmedia&parent=25452"}],"wp:term":[{"taxonomy":"category","embeddable":true,"href":"https:\/\/labestiapolitica.com.mx\/index.php?rest_route=%2Fwp%2Fv2%2Fcategories&post=25452"},{"taxonomy":"post_tag","embeddable":true,"href":"https:\/\/labestiapolitica.com.mx\/index.php?rest_route=%2Fwp%2Fv2%2Ftags&post=25452"}],"curies":[{"name":"wp","href":"https:\/\/api.w.org\/{rel}","templated":true}]}}