{"id":25469,"date":"2024-03-01T14:04:49","date_gmt":"2024-03-01T20:04:49","guid":{"rendered":"https:\/\/labestiapolitica.com.mx\/?p=25469"},"modified":"2024-03-03T22:15:05","modified_gmt":"2024-03-04T04:15:05","slug":"anuncia-gobernadora-proceso-de-transformacion-de-rellenos-sanitarios-de-la-entidad","status":"publish","type":"post","link":"https:\/\/labestiapolitica.com.mx\/?p=25469","title":{"rendered":"Anuncia Gobernadora proceso de transformaci\u00f3n de rellenos sanitarios de la entidad."},"content":{"rendered":"<ul>\n<li style=\"text-align: justify;\">Ser\u00e1n aplicadas pol\u00edticas p\u00fablicas integrales y planes de acci\u00f3n para el correcto manejo de residuos solidos<\/li>\n<\/ul>\n<p style=\"text-align: justify;\">La gobernadora Lorena Cu\u00e9llar Cisneros anunci\u00f3 el arranque del proceso de remediaci\u00f3n de las condiciones de las cuatro instalaciones de disposici\u00f3n final de la basura que existen en el estado, mediante la contrataci\u00f3n y ejecuci\u00f3n de los estudios t\u00e9cnicos y programas derivados, que exige la Norma Oficial Mexicana NOM-083-SEMARNAT-2003.<\/p>\n<p>Refiri\u00f3 que \u201cuna de las principales preocupaciones y desaf\u00edos que enfrentamos en materia ambiental en el estado, es la aplicaci\u00f3n de estrategias para dar soluci\u00f3n a las condiciones de los sitios de disposici\u00f3n final de basura, que como saben han operado desde hace m\u00e1s de 30 a\u00f1os y desde su origen, carecieron de regulaci\u00f3n\u201d.<\/p>\n<p style=\"text-align: justify;\">Cu\u00e9llar Cisneros explic\u00f3 que ante esta problem\u00e1tica su gobierno contrat\u00f3 una unidad verificadora, avalada ante la Entidad Mexicana de Acreditaci\u00f3n y registrada en el padr\u00f3n de auditores ambientales de la Procuradur\u00eda Federal de Protecci\u00f3n al Ambiente (Profepa), que evalu\u00f3 las condiciones de los cuatro sitios de disposici\u00f3n final en la entidad y formula planes de acci\u00f3n individualizadas.<\/p>\n<p style=\"text-align: justify;\">Detall\u00f3 que, conforme al an\u00e1lisis, la Secretar\u00eda de Medio Ambiente de Tlaxcala (SMA) inici\u00f3 los procesos administrativos para gestionar el financiamiento necesario y dar comienzo a su ejecuci\u00f3n que contempla un presupuesto cercano a los 10 millones de pesos y est\u00e1 en proceso la licitaci\u00f3n.<\/p>\n<p style=\"text-align: justify;\">La titular del Ejecutivo local afirm\u00f3 que \u201cesta labor no solo cumple con las normativas ambientales, sino que tambi\u00e9n protege nuestros recursos naturales y contribuye al desarrollo sostenible de nuestra comunidad, no descansar\u00e9 hasta dar paso a una soluci\u00f3n duradera a este problema, que afecta tanto al medio ambiente como a la salud y bienestar de las personas\u201d.<\/p>\n<p style=\"text-align: justify;\">Agreg\u00f3 que se realizar\u00e1 un diagn\u00f3stico y un programa estatal para la prevenci\u00f3n y gesti\u00f3n integral de residuos y se emitir\u00e1 el reglamento de la Ley de residuos, que fue realizado de la mano de todos los sectores de la sociedad mediante consultas p\u00fablicas y talleres.<\/p>\n<p style=\"text-align: justify;\">Lorena Cu\u00e9llar invit\u00f3 a los tlaxcaltecas a ser parte de este paso tan importante, con la finalidad de transformar las condiciones de bienestar ambiental para todos, pues se\u00f1al\u00f3 que es necesario sumar a todos los sectores en esta tarea, para disminuir la generaci\u00f3n de residuos y favorecer tambi\u00e9n su reciclaje, recuperaci\u00f3n y valoraci\u00f3n.<\/p>\n<p style=\"text-align: justify;\">Finalmente, entreg\u00f3 camiones recolectores a choferes de la Secretar\u00eda de Medio Ambiente del estado<\/p>\n<p style=\"text-align: justify;\">En su intervenci\u00f3n, el titular de la SMA Pedro Aquino Alvarado, asegur\u00f3 que la actual administraci\u00f3n es la primera que ha decidido dar soluci\u00f3n a la problem\u00e1tica con base en la ciencia ambiental y evidencia cient\u00edfica para la toma de decisiones y realizaci\u00f3n de acciones que contrarresten la situaci\u00f3n registrada por m\u00e1s de tres d\u00e9cadas.<\/p>\n<p style=\"text-align: justify;\">\u201cSe va a escribir una nueva historia en torno al manejo de los residuos, pues desde el d\u00eda uno de esta administraci\u00f3n estuvimos trabajando y eso lo podemos ver reflejado en el Plan Estatal de Desarrollo con pol\u00edticas que tienen que ver con el manejo integral de los residuos\u201d, acot\u00f3.<\/p>\n<p style=\"text-align: justify;\">Aquino Alvarado indic\u00f3 que el manejo de los residuos debe hacerse desde su generaci\u00f3n, con la separaci\u00f3n, el transporte, el aprovechamiento y m\u00e1s; por ello, el gobierno del estado establecer\u00e1 pol\u00edticas p\u00fablicas integrales para un correcto manejo de los residuos y las acciones comenzar\u00e1n en el Relleno Sanitario de Nanacamilpa.<\/p>\n<p style=\"text-align: justify;\">Los sitios de disposici\u00f3n final de residuos que se encuentran en funcionamiento son: el de Nanacamilpa que atiende las necesidades de manejo de basura de 6 municipios; Panotla que recibe de 31, Huamantla de 6 demarcaciones y el de Apizaco que recibe de 17.<\/p>\n","protected":false},"excerpt":{"rendered":"<p>Ser\u00e1n aplicadas pol\u00edticas p\u00fablicas integrales y planes de acci\u00f3n para el correcto manejo de residuos solidos La gobernadora Lorena Cu\u00e9llar Cisneros anunci\u00f3 el arranque del proceso de remediaci\u00f3n de las condiciones de las cuatro instalaciones de disposici\u00f3n final de la basura que existen en el estado, mediante la contrataci\u00f3n y ejecuci\u00f3n de los estudios t\u00e9cnicos [&hellip;]<\/p>\n","protected":false},"author":3,"featured_media":25470,"comment_status":"open","ping_status":"open","sticky":false,"template":"","format":"standard","meta":{"footnotes":""},"categories":[7],"tags":[],"class_list":["post-25469","post","type-post","status-publish","format-standard","has-post-thumbnail","hentry","category-ciudadanos"],"amp_enabled":true,"_links":{"self":[{"href":"https:\/\/labestiapolitica.com.mx\/index.php?rest_route=\/wp\/v2\/posts\/25469","targetHints":{"allow":["GET"]}}],"collection":[{"href":"https:\/\/labestiapolitica.com.mx\/index.php?rest_route=\/wp\/v2\/posts"}],"about":[{"href":"https:\/\/labestiapolitica.com.mx\/index.php?rest_route=\/wp\/v2\/types\/post"}],"author":[{"embeddable":true,"href":"https:\/\/labestiapolitica.com.mx\/index.php?rest_route=\/wp\/v2\/users\/3"}],"replies":[{"embeddable":true,"href":"https:\/\/labestiapolitica.com.mx\/index.php?rest_route=%2Fwp%2Fv2%2Fcomments&post=25469"}],"version-history":[{"count":2,"href":"https:\/\/labestiapolitica.com.mx\/index.php?rest_route=\/wp\/v2\/posts\/25469\/revisions"}],"predecessor-version":[{"id":25472,"href":"https:\/\/labestiapolitica.com.mx\/index.php?rest_route=\/wp\/v2\/posts\/25469\/revisions\/25472"}],"wp:featuredmedia":[{"embeddable":true,"href":"https:\/\/labestiapolitica.com.mx\/index.php?rest_route=\/wp\/v2\/media\/25470"}],"wp:attachment":[{"href":"https:\/\/labestiapolitica.com.mx\/index.php?rest_route=%2Fwp%2Fv2%2Fmedia&parent=25469"}],"wp:term":[{"taxonomy":"category","embeddable":true,"href":"https:\/\/labestiapolitica.com.mx\/index.php?rest_route=%2Fwp%2Fv2%2Fcategories&post=25469"},{"taxonomy":"post_tag","embeddable":true,"href":"https:\/\/labestiapolitica.com.mx\/index.php?rest_route=%2Fwp%2Fv2%2Ftags&post=25469"}],"curies":[{"name":"wp","href":"https:\/\/api.w.org\/{rel}","templated":true}]}}