{"id":2547,"date":"2020-10-26T14:28:15","date_gmt":"2020-10-26T14:28:15","guid":{"rendered":"https:\/\/labestiapolitica.com.mx\/?p=2547"},"modified":"2020-10-27T23:02:00","modified_gmt":"2020-10-27T23:02:00","slug":"andan-en-campana-los-superdelegados-entre-ellos-lorena-cuellar-en-tlaxcala-dice-reforma","status":"publish","type":"post","link":"https:\/\/labestiapolitica.com.mx\/?p=2547","title":{"rendered":"Andan en campa\u00f1a los superdelegados, entre ellos Lorena Cuellar en Tlaxcala dice Reforma"},"content":{"rendered":"<div class=\"o9v6fnle cxmmr5t8 oygrvhab hcukyx3x c1et5uql\" style=\"text-align: justify;\">\n<p style=\"text-align: justify;\">Claudia Guerrero\/\u00a0Cd. de M\u00e9xico\/ Luego de cobrar m\u00e1s de 2.7 millones de pesos de salario, los superdelegados del Gobierno federal en Baja California, Baja California Sur, Colima y Tlaxcala se alistan para pelear por Morena las gubernaturas que estar\u00e1n en juego en 2021.<\/p>\n<p style=\"text-align: justify;\">Como responsables de operar los programas de Bienestar en las entidades, los aspirantes viajan por los municipios, sostienen encuentros con pobladores, ofrecen apoyos, supervisan obras, participan en reuniones de seguridad y dejan registro p\u00fablico de pr\u00e1cticamente todas sus actividades.<\/p>\n<p style=\"text-align: justify;\">Los \u00absuperdelegados\u00bb que han sido mencionados como posibles aspirantes de Morena son: Alejandro Ruiz Uribe, de BC; V\u00edctor Castro Cos\u00edo, de BCS; Indira Vizca\u00edno Silva, de Colima; Lorena Cu\u00e9llar, de Tlaxcala, y Pablo Am\u00edlcar Sandoval, quien renunci\u00f3 al cargo a principios de octubre.<\/p>\n<p style=\"text-align: justify;\">De acuerdo con el registro de N\u00f3mina Transparente, cada uno de estos delegados de la Secretar\u00eda de Bienestar han costado al bolsillo de los mexicanos un salario mensual bruto de 126 mil 617 pesos, es decir, m\u00e1s de 2.78 millones de pesos en estos 22 meses de Administraci\u00f3n.<\/p>\n<p style=\"text-align: justify;\">Por ejemplo, Ruiz Uribe participa directamente en el programa \u00abDomingos de Colado\u00bb. Acude a las colonias y realiza labores de alba\u00f1iler\u00eda que son publicadas en sus redes sociales. Tambi\u00e9n ha promocionado su imagen con la entrega de apoyos alimenticios a meseros y taxistas.<\/p>\n<p style=\"text-align: justify;\">En Baja California Sur, Castro Cos\u00edo presume sus actividades p\u00fablicas como supervisar las obras de las sucursales del Banco de Bienestar, reuniones con pescadores y visitas a comunidades lejanas para atestiguar la entrega de apoyos en efectivo a adultos mayores.<\/p>\n<p style=\"text-align: justify;\">En Colima, Vizca\u00edno Silva informa regularmente sobre los recorridos que realiza con motivo de programas como la Escuela es Nuestra, Sembrando Vida, viveros comunitarios en la entidad. Incluso, pos\u00f3 con pobladores de Tecom\u00e1n a los que entreg\u00f3 cachitos de la Loter\u00eda Nacional para el sorteo con motivo del avi\u00f3n presidencial.<\/p>\n<p style=\"text-align: justify;\">La superdelegada Cu\u00e9llar ha aprovechado programas como Sembrando Vida, Producci\u00f3n para el Bienestar, la rehabilitaci\u00f3n de escuelas y la supervisi\u00f3n de viviendas para hacerse presente.<\/p>\n<p style=\"text-align: justify;\">En Guerrero, Sandoval ha sido denunciado por promocionarse con programas federales. Incluso, se difundi\u00f3 un video en el que ante un grupo de beneficiarios les dicen que la ayuda llega gracias a Am\u00edlcar Sandoval y que deben grabarse su nombre.<\/p>\n<p style=\"text-align: justify;\">El 30 de octubre vence el plazo que fij\u00f3 el Presidente Andr\u00e9s Manuel L\u00f3pez Obrador para que todo funcionario de su Gobierno que pretenda contender por alg\u00fan puesto de elecci\u00f3n en los comicios del 2021 renuncie al cargo, seg\u00fan dijo en su conferencia del 23 de septiembre.<\/p>\n<p style=\"text-align: justify;\">https:\/\/reforma.com\/NE02Ir\/andan-en-campana-los-superdelegados\/<\/p>\n<\/div>\n<div style=\"text-align: justify;\"><\/div>\n<div style=\"text-align: justify;\"><\/div>\n<div style=\"text-align: justify;\"><\/div>\n<div style=\"text-align: justify;\"><\/div>\n<div style=\"text-align: justify;\"><img loading=\"lazy\" decoding=\"async\" class=\"alignnone size-medium wp-image-795\" src=\"https:\/\/labestiapolitica.com.mx\/wp-content\/uploads\/2020\/07\/lorena-300x300.jpg\" alt=\"\" width=\"300\" height=\"300\" \/><\/div>\n","protected":false},"excerpt":{"rendered":"<p>Claudia Guerrero\/\u00a0Cd. de M\u00e9xico\/ Luego de cobrar m\u00e1s de 2.7 millones de pesos de salario, los superdelegados del Gobierno federal en Baja California, Baja California Sur, Colima y Tlaxcala se alistan para pelear por Morena las gubernaturas que estar\u00e1n en juego en 2021. Como responsables de operar los programas de Bienestar en las entidades, los [&hellip;]<\/p>\n","protected":false},"author":3,"featured_media":0,"comment_status":"open","ping_status":"open","sticky":false,"template":"","format":"standard","meta":{"footnotes":""},"categories":[12],"tags":[],"class_list":["post-2547","post","type-post","status-publish","format-standard","hentry","category-brujula-2026"],"amp_enabled":true,"_links":{"self":[{"href":"https:\/\/labestiapolitica.com.mx\/index.php?rest_route=\/wp\/v2\/posts\/2547","targetHints":{"allow":["GET"]}}],"collection":[{"href":"https:\/\/labestiapolitica.com.mx\/index.php?rest_route=\/wp\/v2\/posts"}],"about":[{"href":"https:\/\/labestiapolitica.com.mx\/index.php?rest_route=\/wp\/v2\/types\/post"}],"author":[{"embeddable":true,"href":"https:\/\/labestiapolitica.com.mx\/index.php?rest_route=\/wp\/v2\/users\/3"}],"replies":[{"embeddable":true,"href":"https:\/\/labestiapolitica.com.mx\/index.php?rest_route=%2Fwp%2Fv2%2Fcomments&post=2547"}],"version-history":[{"count":3,"href":"https:\/\/labestiapolitica.com.mx\/index.php?rest_route=\/wp\/v2\/posts\/2547\/revisions"}],"predecessor-version":[{"id":2607,"href":"https:\/\/labestiapolitica.com.mx\/index.php?rest_route=\/wp\/v2\/posts\/2547\/revisions\/2607"}],"wp:attachment":[{"href":"https:\/\/labestiapolitica.com.mx\/index.php?rest_route=%2Fwp%2Fv2%2Fmedia&parent=2547"}],"wp:term":[{"taxonomy":"category","embeddable":true,"href":"https:\/\/labestiapolitica.com.mx\/index.php?rest_route=%2Fwp%2Fv2%2Fcategories&post=2547"},{"taxonomy":"post_tag","embeddable":true,"href":"https:\/\/labestiapolitica.com.mx\/index.php?rest_route=%2Fwp%2Fv2%2Ftags&post=2547"}],"curies":[{"name":"wp","href":"https:\/\/api.w.org\/{rel}","templated":true}]}}