{"id":25473,"date":"2024-03-01T14:20:44","date_gmt":"2024-03-01T20:20:44","guid":{"rendered":"https:\/\/labestiapolitica.com.mx\/?p=25473"},"modified":"2024-03-01T14:20:44","modified_gmt":"2024-03-01T20:20:44","slug":"presenta-secture-el-primer-encuentro-se-saberes-culturales-artes-oficios-y-turismo-calpulalpan-2024","status":"publish","type":"post","link":"https:\/\/labestiapolitica.com.mx\/?p=25473","title":{"rendered":"Presenta Secture el primer encuentro se saberes culturales, artes, oficios y turismo Calpulalpan 2024."},"content":{"rendered":"<ul>\n<li style=\"text-align: justify;\">Se llevar\u00e1 a cabo del 15 al 17 de marzo con expo gastron\u00f3mica y artesanal, conferencias y la noche colombiana<\/li>\n<\/ul>\n<p style=\"text-align: justify;\">La Secretar\u00eda de Turismo del Estado (Secture) present\u00f3 el primer Encuentro internacional de saberes culturales, artes y oficios en Calpulalpan, en el que m\u00e1s de 50 artesanos tlaxcaltecas, nacionales y de Colombia tendr\u00e1n la oportunidad de compartir sus costumbres y tradiciones.<\/p>\n<p style=\"text-align: justify;\">Al respecto, la secretaria de Turismo, Josefina Rodr\u00edguez Zamora, reconoci\u00f3 el trabajo que realiza el gobierno estatal encabezado por Lorena Cu\u00e9llar Cisneros, por la promoci\u00f3n y difusi\u00f3n del patrimonio cultural y tur\u00edstico de Tlaxcala, as\u00ed como al presidente municipal de Calpulalpan, Edgar Pe\u00f1a N\u00e1jera y la colaboraci\u00f3n institucional con la Asociaci\u00f3n Civil \u201cTerritorios de Paz\u201d.<\/p>\n<p style=\"text-align: justify;\">\u201cVale la pena asistir a este evento y ver c\u00f3mo trabajan de manera comunitaria, por ello, invito a los municipios para que se acerquen con la Secretar\u00eda de Turismo, para trabajar en sinergia y seguir exponiendo a trav\u00e9s de la asociaci\u00f3n y poner a Tlaxcala en alto\u201d asegur\u00f3.<\/p>\n<p style=\"text-align: justify;\">Adelant\u00f3 que el municipio de Ixtenco ser\u00e1 el siguiente a visitar, lo que representa una oportunidad \u00fanica para mostrar al mundo las tradiciones y habilidades de la comunidad local.<\/p>\n<p style=\"text-align: justify;\">En su intervenci\u00f3n, el presidente de la Asociaci\u00f3n Civil Territorios de Paz, Mauricio Grajales Valencia, reconoci\u00f3 el trabajo de las y los artesanos de Tlaxcala, y mencion\u00f3 que llegar\u00e1n al estado 13 agentes culturales y tur\u00edsticos de Colombia a las comunidades de Calpulalpan haciendo intercambios de experiencia.<\/p>\n<p style=\"text-align: justify;\">Finalmente, la coordinadora de turismo de Calpulalpan, F\u00e1tima Dom\u00ednguez, mencion\u00f3 que la inauguraci\u00f3n del evento se realizar\u00e1 el pr\u00f3ximo viernes 15 de marzo, mientras que el s\u00e1bado 16 se har\u00e1 una noche colombiana y el domingo 17 un recorrido por las comunidades.<\/p>\n<p style=\"text-align: justify;\">Desde el 21 de septiembre de 2021, la Secretar\u00eda de Turismo inici\u00f3 una pol\u00edtica de Turismo Rural Comunitario en beneficio de las comunidades de Tlaxcala, para el 2022, comenz\u00f3 el curso hist\u00f3rico en evaluaci\u00f3n y fortalecimiento de las experiencias tur\u00edsticas rurales en Tlaxcala en conjunto con la academia del Colegio de Tlaxcala.<\/p>\n<p style=\"text-align: justify;\">Para el 2023 se logr\u00f3 la participaci\u00f3n de 5 colombianas y colombianos que visitaron los municipios de Calpulalpan, la universidad de Xaltocan, Panotla e Ixtenco donde compartieron procesos de reforzamiento de identidad y defensa del territorio.<\/p>\n","protected":false},"excerpt":{"rendered":"<p>Se llevar\u00e1 a cabo del 15 al 17 de marzo con expo gastron\u00f3mica y artesanal, conferencias y la noche colombiana La Secretar\u00eda de Turismo del Estado (Secture) present\u00f3 el primer Encuentro internacional de saberes culturales, artes y oficios en Calpulalpan, en el que m\u00e1s de 50 artesanos tlaxcaltecas, nacionales y de Colombia tendr\u00e1n la oportunidad [&hellip;]<\/p>\n","protected":false},"author":3,"featured_media":25474,"comment_status":"open","ping_status":"open","sticky":false,"template":"","format":"standard","meta":{"footnotes":""},"categories":[7],"tags":[],"class_list":["post-25473","post","type-post","status-publish","format-standard","has-post-thumbnail","hentry","category-ciudadanos"],"amp_enabled":true,"_links":{"self":[{"href":"https:\/\/labestiapolitica.com.mx\/index.php?rest_route=\/wp\/v2\/posts\/25473","targetHints":{"allow":["GET"]}}],"collection":[{"href":"https:\/\/labestiapolitica.com.mx\/index.php?rest_route=\/wp\/v2\/posts"}],"about":[{"href":"https:\/\/labestiapolitica.com.mx\/index.php?rest_route=\/wp\/v2\/types\/post"}],"author":[{"embeddable":true,"href":"https:\/\/labestiapolitica.com.mx\/index.php?rest_route=\/wp\/v2\/users\/3"}],"replies":[{"embeddable":true,"href":"https:\/\/labestiapolitica.com.mx\/index.php?rest_route=%2Fwp%2Fv2%2Fcomments&post=25473"}],"version-history":[{"count":1,"href":"https:\/\/labestiapolitica.com.mx\/index.php?rest_route=\/wp\/v2\/posts\/25473\/revisions"}],"predecessor-version":[{"id":25475,"href":"https:\/\/labestiapolitica.com.mx\/index.php?rest_route=\/wp\/v2\/posts\/25473\/revisions\/25475"}],"wp:featuredmedia":[{"embeddable":true,"href":"https:\/\/labestiapolitica.com.mx\/index.php?rest_route=\/wp\/v2\/media\/25474"}],"wp:attachment":[{"href":"https:\/\/labestiapolitica.com.mx\/index.php?rest_route=%2Fwp%2Fv2%2Fmedia&parent=25473"}],"wp:term":[{"taxonomy":"category","embeddable":true,"href":"https:\/\/labestiapolitica.com.mx\/index.php?rest_route=%2Fwp%2Fv2%2Fcategories&post=25473"},{"taxonomy":"post_tag","embeddable":true,"href":"https:\/\/labestiapolitica.com.mx\/index.php?rest_route=%2Fwp%2Fv2%2Ftags&post=25473"}],"curies":[{"name":"wp","href":"https:\/\/api.w.org\/{rel}","templated":true}]}}