{"id":25482,"date":"2024-03-01T14:46:08","date_gmt":"2024-03-01T20:46:08","guid":{"rendered":"https:\/\/labestiapolitica.com.mx\/?p=25482"},"modified":"2024-03-01T14:46:08","modified_gmt":"2024-03-01T20:46:08","slug":"arranca-gobernadora-y-sedif-programa-de-becas-para-la-primera-infancia","status":"publish","type":"post","link":"https:\/\/labestiapolitica.com.mx\/?p=25482","title":{"rendered":"Arranca Gobernadora Y SEDIF programa de becas para la primera infancia."},"content":{"rendered":"<ul>\n<li style=\"text-align: justify;\">En la primera entrega se beneficiaron a mil ni\u00f1as y ni\u00f1os inscritos en los CAI y educaci\u00f3n inicial de los Conafe<\/li>\n<\/ul>\n<p style=\"text-align: justify;\">El Gobierno del estado, a trav\u00e9s del Sistema Estatal para el Desarrollo Integral de la Familia (Sedif), puso en marcha, por primera vez en Tlaxcala, el programa de becas para la primera infancia, con el objetivo de acompa\u00f1ar a familias vulnerables en la educaci\u00f3n de ni\u00f1as y ni\u00f1os de 45 d\u00edas de nacidos hasta los 5 a\u00f1os 11 meses que est\u00e9n inscritos en los Centros de Atenci\u00f3n Infantil (CAI) y escuelas del Consejo Nacional de Fomento Educativo (Conafe).<\/p>\n<p>Durante la entrega de las primeras mil becas a ni\u00f1as y ni\u00f1os de educaci\u00f3n inicial, la gobernadora Lorena Cu\u00e9llar Cisneros se dijo orgullosa de lograr que \u201clos recursos que son del pueblo lleguen al pueblo, como dice nuestro presidente de la Rep\u00fablica\u201d.<\/p>\n<p style=\"text-align: justify;\">Incluso refiri\u00f3 que el gobierno federal ha hecho un gran esfuerzo para que los j\u00f3venes tengan becas para continuar con sus estudios y en Tlaxcala su administraci\u00f3n hace lo propio para brindar ayuda a la primera infancia con el objetivo de garantizar su formaci\u00f3n de habilidades y valores fundamentales.<\/p>\n<p style=\"text-align: justify;\">Cu\u00e9llar Cisneros agreg\u00f3 que su gobierno es el que m\u00e1s ha invertido en educaci\u00f3n con la inauguraci\u00f3n de universidades, construcci\u00f3n de aulas en las escuelas, equipamiento de los Centros de Atenci\u00f3n Infantil, entrega de becas y absorbiendo el costo para suspender el pago de cuotas en las escuelas en desayunos escolares fr\u00edos y calientes, as\u00ed como en despensas que opera el Sedif.<\/p>\n<p style=\"text-align: justify;\">En su intervenci\u00f3n, la presidenta honor\u00edfica del Sedif, Mariana Espinosa de los Monteros Cu\u00e9llar celebr\u00f3 el lanzamiento de las becas para la primera infancia, ya que \u201crepresenta una gran oportunidad para apoyar a mil familias en situaci\u00f3n vulnerable con una beca de mil 485 pesos semestrales, misma que ser\u00e1 operada por el Sistema Estatal DIF para mejorar la calidad de vida de la ni\u00f1ez y sus familias\u201d.<\/p>\n<p style=\"text-align: justify;\">La entrega de dichas becas es mediante una tarjeta electr\u00f3nica, lo que permitir\u00e1 a las familias hacer uso del dinero para el bienestar e impulsar la educaci\u00f3n de las y los ni\u00f1os de 45 d\u00edas de nacidos hasta los 5 a\u00f1os 11 meses, de esa manera se garantiza que el apoyo se destine directamente al bienestar de los m\u00e1s peque\u00f1os.<\/p>\n<p style=\"text-align: justify;\">En el evento estuvieron presentes la directora general del Sedif, Flor de Mar\u00eda L\u00f3pez Hinojosa; el titular de las Secretar\u00eda de Educaci\u00f3n P\u00fablica del Estado (SEPE), Homero Meneses Hern\u00e1ndez y la coordinadora territorial del Conafe, Roc\u00edo Reyes S\u00e1nchez.<\/p>\n","protected":false},"excerpt":{"rendered":"<p>En la primera entrega se beneficiaron a mil ni\u00f1as y ni\u00f1os inscritos en los CAI y educaci\u00f3n inicial de los Conafe El Gobierno del estado, a trav\u00e9s del Sistema Estatal para el Desarrollo Integral de la Familia (Sedif), puso en marcha, por primera vez en Tlaxcala, el programa de becas para la primera infancia, con [&hellip;]<\/p>\n","protected":false},"author":3,"featured_media":25483,"comment_status":"open","ping_status":"open","sticky":false,"template":"","format":"standard","meta":{"footnotes":""},"categories":[7],"tags":[],"class_list":["post-25482","post","type-post","status-publish","format-standard","has-post-thumbnail","hentry","category-ciudadanos"],"amp_enabled":true,"_links":{"self":[{"href":"https:\/\/labestiapolitica.com.mx\/index.php?rest_route=\/wp\/v2\/posts\/25482","targetHints":{"allow":["GET"]}}],"collection":[{"href":"https:\/\/labestiapolitica.com.mx\/index.php?rest_route=\/wp\/v2\/posts"}],"about":[{"href":"https:\/\/labestiapolitica.com.mx\/index.php?rest_route=\/wp\/v2\/types\/post"}],"author":[{"embeddable":true,"href":"https:\/\/labestiapolitica.com.mx\/index.php?rest_route=\/wp\/v2\/users\/3"}],"replies":[{"embeddable":true,"href":"https:\/\/labestiapolitica.com.mx\/index.php?rest_route=%2Fwp%2Fv2%2Fcomments&post=25482"}],"version-history":[{"count":1,"href":"https:\/\/labestiapolitica.com.mx\/index.php?rest_route=\/wp\/v2\/posts\/25482\/revisions"}],"predecessor-version":[{"id":25484,"href":"https:\/\/labestiapolitica.com.mx\/index.php?rest_route=\/wp\/v2\/posts\/25482\/revisions\/25484"}],"wp:featuredmedia":[{"embeddable":true,"href":"https:\/\/labestiapolitica.com.mx\/index.php?rest_route=\/wp\/v2\/media\/25483"}],"wp:attachment":[{"href":"https:\/\/labestiapolitica.com.mx\/index.php?rest_route=%2Fwp%2Fv2%2Fmedia&parent=25482"}],"wp:term":[{"taxonomy":"category","embeddable":true,"href":"https:\/\/labestiapolitica.com.mx\/index.php?rest_route=%2Fwp%2Fv2%2Fcategories&post=25482"},{"taxonomy":"post_tag","embeddable":true,"href":"https:\/\/labestiapolitica.com.mx\/index.php?rest_route=%2Fwp%2Fv2%2Ftags&post=25482"}],"curies":[{"name":"wp","href":"https:\/\/api.w.org\/{rel}","templated":true}]}}