{"id":25491,"date":"2024-03-01T15:07:12","date_gmt":"2024-03-01T21:07:12","guid":{"rendered":"https:\/\/labestiapolitica.com.mx\/?p=25491"},"modified":"2024-03-01T15:07:12","modified_gmt":"2024-03-01T21:07:12","slug":"camaras-del-c5i-han-enviado-a-delincuentes-a-la-carcel","status":"publish","type":"post","link":"https:\/\/labestiapolitica.com.mx\/?p=25491","title":{"rendered":"C\u00e1maras del C5I han enviado a delincuentes a la carcel."},"content":{"rendered":"<ul>\n<li style=\"text-align: justify;\">Encabeza Lorena Cu\u00e9llar inauguraci\u00f3n del C2 Municipal de Calpulalpan; es el d\u00e9cimo<\/li>\n<\/ul>\n<p style=\"text-align: justify;\">Las c\u00e1maras de videovigilancia del Centro de Control, Comando, Comunicaciones, C\u00f3mputo, Coordinaci\u00f3n e Inteligencia (C5i) no solo han permitido identificar a presuntos delincuentes, sino tambi\u00e9n han aportado informaci\u00f3n importante para judicializar carpetas de investigaci\u00f3n y enviar a los responsables a la c\u00e1rcel.<\/p>\n<p style=\"text-align: justify;\">Al encabezar el protocolo inaugural del Centro de Control y Comando municipal (C2) de Calpulalpan, el d\u00e9cimo de su administraci\u00f3n, la gobernadora Lorena Cu\u00e9llar Cisneros reafirm\u00f3 su compromiso de reforzar la seguridad en Tlaxcala.<\/p>\n<p style=\"text-align: justify;\">En ese sentido, asever\u00f3 que la creaci\u00f3n de los C2 municipales es una estrategia que fortalece la coordinaci\u00f3n, comunicaci\u00f3n y videovigilancia entre el C5i y los municipios, con el objetivo de prevenir e inhibir todo tipo de delitos.<\/p>\n<p style=\"text-align: justify;\">Durante su mensaje, la mandataria estatal recalc\u00f3 que tras 20 a\u00f1os de rezago en inversi\u00f3n de seguridad, su gobierno le apost\u00f3 a la tecnolog\u00eda para ser una aliada que brinde paz y la tranquilidad que los tlaxcaltecas necesitan.<\/p>\n<p style=\"text-align: justify;\">Anunci\u00f3 que para este 2024, se prev\u00e9 que m\u00e1s de la mitad de municipios tengan un C2 a fin de coadyuvar a las tareas de seguridad, adem\u00e1s de terminar la construcci\u00f3n de las nuevas Fiscal\u00edas, la Ciudad de la Seguridad e implementaci\u00f3n de c\u00e1maras de reconocimiento facial.<\/p>\n<p style=\"text-align: justify;\">\u201cDurante 18 meses, Tlaxcala ha registrado la incidencia m\u00e1s baja en delitos del pa\u00eds y seguimos disminuy\u00e9ndolos, solo con el trabajo en equipo vamos a lograr m\u00e1s y mejores resultados, por eso los invit\u00f3 a construir juntos Una Nueva Historia en Seguridad\u201d, concluy\u00f3.<\/p>\n<p style=\"text-align: justify;\">En su intervenci\u00f3n, el titular del Secretariado Ejecutivo del Sistema Estatal de Seguridad P\u00fablica (Sesesp), Maximino Hern\u00e1ndez Pulido, indic\u00f3 que el C2 municipal traer\u00e1 mejores condiciones de seguridad y prevenci\u00f3n para Calpulalpan.<\/p>\n<p style=\"text-align: justify;\">Se\u00f1al\u00f3 que uno de los retos es disminuir y erradicar el robo de veh\u00edculos y el trasiego de combustible en Calpulalpan, por lo que las nuevas c\u00e1maras del C2 fueron colocadas siguiendo un padr\u00f3n y conducta delictiva para acabar con estos delitos.<\/p>\n<p style=\"text-align: justify;\">\u201cEste tipo de acciones, que encabeza nuestra gobernadora, pone justamente el dedo en la llaga, porque ahora vamos aportar mayor informaci\u00f3n para las investigaciones\u201d, expres\u00f3.<\/p>\n<p style=\"text-align: justify;\">Hern\u00e1ndez Pulido detall\u00f3 que ahora en Calpulalpan existen 96 Puntos de Monitoreo Inteligente y 5 Arcos Lectores de Placas Vehiculares, instalados en sitios estrat\u00e9gicos, lo que permite identificar y atacar los delitos.<\/p>\n<p style=\"text-align: justify;\">En su momento, el alcalde de Calpulalpan, Edgar Pe\u00f1a Najera, agradeci\u00f3 el apoyo y respaldo de la gobernadora Lorena Cu\u00e9llar, por dejar huella en Calpulalpan para ser un municipio m\u00e1s seguro.<\/p>\n","protected":false},"excerpt":{"rendered":"<p>Encabeza Lorena Cu\u00e9llar inauguraci\u00f3n del C2 Municipal de Calpulalpan; es el d\u00e9cimo Las c\u00e1maras de videovigilancia del Centro de Control, Comando, Comunicaciones, C\u00f3mputo, Coordinaci\u00f3n e Inteligencia (C5i) no solo han permitido identificar a presuntos delincuentes, sino tambi\u00e9n han aportado informaci\u00f3n importante para judicializar carpetas de investigaci\u00f3n y enviar a los responsables a la c\u00e1rcel. Al [&hellip;]<\/p>\n","protected":false},"author":3,"featured_media":25492,"comment_status":"open","ping_status":"open","sticky":false,"template":"","format":"standard","meta":{"footnotes":""},"categories":[12],"tags":[],"class_list":["post-25491","post","type-post","status-publish","format-standard","has-post-thumbnail","hentry","category-brujula-2026"],"amp_enabled":true,"_links":{"self":[{"href":"https:\/\/labestiapolitica.com.mx\/index.php?rest_route=\/wp\/v2\/posts\/25491","targetHints":{"allow":["GET"]}}],"collection":[{"href":"https:\/\/labestiapolitica.com.mx\/index.php?rest_route=\/wp\/v2\/posts"}],"about":[{"href":"https:\/\/labestiapolitica.com.mx\/index.php?rest_route=\/wp\/v2\/types\/post"}],"author":[{"embeddable":true,"href":"https:\/\/labestiapolitica.com.mx\/index.php?rest_route=\/wp\/v2\/users\/3"}],"replies":[{"embeddable":true,"href":"https:\/\/labestiapolitica.com.mx\/index.php?rest_route=%2Fwp%2Fv2%2Fcomments&post=25491"}],"version-history":[{"count":1,"href":"https:\/\/labestiapolitica.com.mx\/index.php?rest_route=\/wp\/v2\/posts\/25491\/revisions"}],"predecessor-version":[{"id":25493,"href":"https:\/\/labestiapolitica.com.mx\/index.php?rest_route=\/wp\/v2\/posts\/25491\/revisions\/25493"}],"wp:featuredmedia":[{"embeddable":true,"href":"https:\/\/labestiapolitica.com.mx\/index.php?rest_route=\/wp\/v2\/media\/25492"}],"wp:attachment":[{"href":"https:\/\/labestiapolitica.com.mx\/index.php?rest_route=%2Fwp%2Fv2%2Fmedia&parent=25491"}],"wp:term":[{"taxonomy":"category","embeddable":true,"href":"https:\/\/labestiapolitica.com.mx\/index.php?rest_route=%2Fwp%2Fv2%2Fcategories&post=25491"},{"taxonomy":"post_tag","embeddable":true,"href":"https:\/\/labestiapolitica.com.mx\/index.php?rest_route=%2Fwp%2Fv2%2Ftags&post=25491"}],"curies":[{"name":"wp","href":"https:\/\/api.w.org\/{rel}","templated":true}]}}