{"id":25502,"date":"2024-03-01T23:14:34","date_gmt":"2024-03-02T05:14:34","guid":{"rendered":"https:\/\/labestiapolitica.com.mx\/?p=25502"},"modified":"2024-03-01T23:14:34","modified_gmt":"2024-03-02T05:14:34","slug":"no-hay-formulas-magicas-para-trabajar-a-favor-de-tlaxcala-advierte-manuel-cambron","status":"publish","type":"post","link":"https:\/\/labestiapolitica.com.mx\/?p=25502","title":{"rendered":"\u201cNo hay f\u00f3rmulas m\u00e1gicas para trabajar a favor de Tlaxcala\u00bb, advierte Manuel Cambr\u00f3n."},"content":{"rendered":"<p style=\"text-align: justify;\">Fabiola M\u00c1RQUEZ\/ CoberturaRutaTlaxcala2024\/Categ\u00f3rico, Juan Manuel Cambr\u00f3n sostuvo en su contacto directo en donde escuch\u00f3 los reclamos de que los diputados federales cuando son electos ya no regresan con el pueblo que \u201cNo hay f\u00f3rmulas m\u00e1gicas para trabajar a favor de Tlaxcala, es solo tener un verdadero compromiso, una genuina preocupaci\u00f3n, yo no ser\u00e9 un diputado federal ajeno y distante de la poblaci\u00f3n, no lo he sido como diputado local y mucho menos lo ser\u00e9 como federal, es importante que razonen su voto, que comparen experiencia, logros y sobre todo trabajo a favor de todos ustedes, el m\u00edo est\u00e1 ah\u00ed a la mano de todos para quien quiera revisarlo\u201d sentenci\u00f3 el candidato.<\/p>\n<p style=\"text-align: justify;\">Durante la primera jornada oficial de campa\u00f1a, el candidato de la coalici\u00f3n fuerza y coraz\u00f3n por M\u00e9xico a la diputaci\u00f3n federal por el tercer distrito electoral, Juan Manuel Cambr\u00f3n, recorri\u00f3 varios puntos de inter\u00e9s en el municipio de Zacatelco.<\/p>\n<p style=\"text-align: justify;\">Cambr\u00f3n recorri\u00f3 el z\u00f3calo del coraz\u00f3n del sur, el mercado general Ignacio Bonilla y algunas secciones de la localidad.<\/p>\n<p style=\"text-align: justify;\">En la mayor\u00eda de ellas el principal reclamo de la poblaci\u00f3n al aspirante al congreso de la uni\u00f3n fue la creciente inseguridad en el municipio, as\u00ed como en la entidad.<\/p>\n<p style=\"text-align: justify;\">Cambr\u00f3n les manifest\u00f3 igualmente su preocupaci\u00f3n sobre tan delicado tema y al reclamo de la ciudadan\u00eda zacatelquense de \u201cqu\u00e9 hacen ustedes los pol\u00edticos para solucionar el tema\u201d, el perredista les mostr\u00f3 como desde el congreso del estado solicit\u00f3 un incremento de mil millones de pesos para la seguridad p\u00fablica,\u00a0 as\u00ed como el que la procuradur\u00eda transite a la fiscal\u00eda aut\u00f3noma, adem\u00e1s de sus fuertes cuestionamientos a los secretarios de seguridad ciudadana y a la procuradora durante sus comparecencias.<\/p>\n<p style=\"text-align: justify;\">\u201cMi preocupaci\u00f3n en el tema de inseguridad es la misma que tienen ustedes, pero yo no me he quedado de brazos cruzados, he propuesto al gobierno m\u00e1s presupuesto, mesas por la paz y la concordia para juntos crear una estrategia de combate al crimen, entre tantas otras, claro que me preocupa , soy de Tlaxcala ,mi familia, mi esposa e hijos viven aqu\u00ed, claro que es un tema que me tomo en serio y he hecho lo necesario, desafortunadamente la mayor\u00eda morenista en el congreso y la mandataria no piensan igual\u201d.<\/p>\n<p style=\"text-align: justify;\">Cambr\u00f3n dijo que con el voto y la confianza de la gente de Zacatelco, desde el congreso de la uni\u00f3n, seguir\u00e1 siendo una voz cr\u00edtica a cualquier estrategia parecida a la de \u201cabrazos y no balazos\u201d que tanta sangre y dolor le han costado a M\u00e9xico.<\/p>\n<p style=\"text-align: justify;\">Tambi\u00e9n expres\u00f3 que, como Diputado Federal, trabajar\u00e1 intensamente para lograr que los cuerpos policiacos cuenten con mejores salarios, capacitaci\u00f3n y adiestramiento, equipo y condiciones para enfrentar de igual a igual al crimen organizado, \u201cque hoy\u201d dijo, \u201csupera ampliamente a nuestras fuerzas policiacas\u201d.<\/p>\n<p style=\"text-align: justify;\">Luego de varias horas de caminata present\u00e1ndose con la ciudadan\u00eda y solicitando su voto, Juan Manuel Cambr\u00f3n asisti\u00f3 a un par de reuniones con vecinos de las secciones de Manantiales y Xochicalco, en donde nuevamente el tema de seguridad fue el principal reclamo de los asistentes.<\/p>\n<p style=\"text-align: justify;\">\n<p style=\"text-align: justify;\">\n<p style=\"text-align: justify;\">\n<p style=\"text-align: justify;\">\n","protected":false},"excerpt":{"rendered":"<p>Fabiola M\u00c1RQUEZ\/ CoberturaRutaTlaxcala2024\/Categ\u00f3rico, Juan Manuel Cambr\u00f3n sostuvo en su contacto directo en donde escuch\u00f3 los reclamos de que los diputados federales cuando son electos ya no regresan con el pueblo que \u201cNo hay f\u00f3rmulas m\u00e1gicas para trabajar a favor de Tlaxcala, es solo tener un verdadero compromiso, una genuina preocupaci\u00f3n, yo no ser\u00e9 un diputado [&hellip;]<\/p>\n","protected":false},"author":3,"featured_media":25503,"comment_status":"open","ping_status":"open","sticky":false,"template":"","format":"standard","meta":{"footnotes":""},"categories":[12],"tags":[],"class_list":["post-25502","post","type-post","status-publish","format-standard","has-post-thumbnail","hentry","category-brujula-2026"],"amp_enabled":true,"_links":{"self":[{"href":"https:\/\/labestiapolitica.com.mx\/index.php?rest_route=\/wp\/v2\/posts\/25502","targetHints":{"allow":["GET"]}}],"collection":[{"href":"https:\/\/labestiapolitica.com.mx\/index.php?rest_route=\/wp\/v2\/posts"}],"about":[{"href":"https:\/\/labestiapolitica.com.mx\/index.php?rest_route=\/wp\/v2\/types\/post"}],"author":[{"embeddable":true,"href":"https:\/\/labestiapolitica.com.mx\/index.php?rest_route=\/wp\/v2\/users\/3"}],"replies":[{"embeddable":true,"href":"https:\/\/labestiapolitica.com.mx\/index.php?rest_route=%2Fwp%2Fv2%2Fcomments&post=25502"}],"version-history":[{"count":1,"href":"https:\/\/labestiapolitica.com.mx\/index.php?rest_route=\/wp\/v2\/posts\/25502\/revisions"}],"predecessor-version":[{"id":25504,"href":"https:\/\/labestiapolitica.com.mx\/index.php?rest_route=\/wp\/v2\/posts\/25502\/revisions\/25504"}],"wp:featuredmedia":[{"embeddable":true,"href":"https:\/\/labestiapolitica.com.mx\/index.php?rest_route=\/wp\/v2\/media\/25503"}],"wp:attachment":[{"href":"https:\/\/labestiapolitica.com.mx\/index.php?rest_route=%2Fwp%2Fv2%2Fmedia&parent=25502"}],"wp:term":[{"taxonomy":"category","embeddable":true,"href":"https:\/\/labestiapolitica.com.mx\/index.php?rest_route=%2Fwp%2Fv2%2Fcategories&post=25502"},{"taxonomy":"post_tag","embeddable":true,"href":"https:\/\/labestiapolitica.com.mx\/index.php?rest_route=%2Fwp%2Fv2%2Ftags&post=25502"}],"curies":[{"name":"wp","href":"https:\/\/api.w.org\/{rel}","templated":true}]}}