{"id":25506,"date":"2024-03-03T08:39:31","date_gmt":"2024-03-03T14:39:31","guid":{"rendered":"https:\/\/labestiapolitica.com.mx\/?p=25506"},"modified":"2024-03-03T22:14:52","modified_gmt":"2024-03-04T04:14:52","slug":"analizar-trayectorias-de-cada-candidato-y-tomar-una-decision-informada-en-urnas-cambron","status":"publish","type":"post","link":"https:\/\/labestiapolitica.com.mx\/?p=25506","title":{"rendered":"Analizar trayectorias de cada candidato y tomar una decisi\u00f3n informada en urnas: Cambr\u00f3n."},"content":{"rendered":"<p style=\"text-align: justify;\">Este s\u00e1bado, Juan Manuel Cambr\u00f3n, se reuni\u00f3 muy temprano con medios de comunicaci\u00f3n de la zona sur del estado.<\/p>\n<p style=\"text-align: justify;\">Fabiola M\u00c1RQUEZ\/ CoberturaRutaTlaxcala2024\/ El candidato a diputado federal del distrito tres de la Coalici\u00f3n Fuerza y Coraz\u00f3n por M\u00e9xico, manifest\u00f3 su respeto a la libertad de expresi\u00f3n y reconoci\u00f3 la labor de los periodistas que d\u00eda a d\u00eda trabajan para mantener informada a la sociedad a pesar del grave riesgo que corren en un pa\u00eds en d\u00f3nde es muy peligroso ejercer dicha profesi\u00f3n.<\/p>\n<p style=\"text-align: justify;\">Posteriormente llev\u00f3 a cabo una visita muy significativa al municipio Lanero, espec\u00edficamente en la localidad de Texcacoac.<\/p>\n<p style=\"text-align: justify;\">La comunidad local recibi\u00f3 con entusiasmo la presencia del candidato, quien fue acompa\u00f1ado por su equipo de trabajo y simpatizantes.<\/p>\n<p style=\"text-align: justify;\">Durante su estancia en Texcacoac, Juan Manuel Cambr\u00f3n tuvo la oportunidad de establecer un di\u00e1logo directo y cercano con los habitantes del municipio. En un ambiente de apertura y participaci\u00f3n ciudadana, el candidato present\u00f3 sus propuestas de trabajo y sus compromisos como aspirante a ocupar el cargo de diputado federal por el tercer distrito electoral.<\/p>\n<p style=\"text-align: justify;\">El candidato tambi\u00e9n aprovech\u00f3 la ocasi\u00f3n para escuchar las inquietudes y propuestas de los habitantes de Texcacoac. Durante las diversas interacciones con la poblaci\u00f3n, Cambr\u00f3n demostr\u00f3 su disposici\u00f3n para atender las preocupaciones de los ciudadanos y trabajar en conjunto para encontrar soluciones efectivas a los desaf\u00edos que enfrenta la comunidad.<\/p>\n<p style=\"text-align: justify;\">Entre los temas abordados durante la visita, destacaron la necesidad de fortalecer la econom\u00eda local, promover el acceso a la educaci\u00f3n y la salud, as\u00ed como garantizar la seguridad y el bienestar de todos los ciudadanos. Cambr\u00f3n enfatiz\u00f3 su compromiso de trabajar en colaboraci\u00f3n con la sociedad civil para impulsar iniciativas, desde el congreso de la uni\u00f3n, que favorezcan el desarrollo integral de la regi\u00f3n.<\/p>\n<p style=\"text-align: justify;\">Adem\u00e1s, el candidato hizo especial hincapi\u00e9 en la importancia de que los electores realicen una evaluaci\u00f3n exhaustiva de las trayectorias, el trabajo, el liderazgo y los resultados de los candidatos antes de emitir su voto en las pr\u00f3ximas elecciones. \u00abEs fundamental que los ciudadanos analicen detenidamente las propuestas de cada candidato y tomen una decisi\u00f3n informada en las urnas\u00bb, se\u00f1al\u00f3 Cambr\u00f3n.<\/p>\n<p style=\"text-align: justify;\">La visita de Juan Manuel Cambr\u00f3n al municipio de Chiautempan representa un paso m\u00e1s en su compromiso de acercarse a la ciudadan\u00eda y trabajar de manera conjunta en la construcci\u00f3n de un pa\u00eds m\u00e1s pr\u00f3spero y justo para todos.<\/p>\n<p style=\"text-align: justify;\">El candidato agradeci\u00f3 el c\u00e1lido recibimiento de los vecinos de Texcacoac y se comprometi\u00f3 a seguir trabajando en favor de sus intereses y necesidades.<\/p>\n<p style=\"text-align: justify;\">Por la tarde se reuni\u00f3 con las representaciones de j\u00f3venes de todos los candidatos de la coalici\u00f3n fuerza y coraz\u00f3n por M\u00e9xico en Tlaxcala, as\u00ed como de la de la candidata a la presidencia, X\u00f3chitl G\u00e1lvez.<\/p>\n<p style=\"text-align: justify;\">Para concluir la jornada del s\u00e1bado sostuvo una reuni\u00f3n con vecinos de varias localidades de Santa Ana Chiautempan.<\/p>\n<p><img loading=\"lazy\" decoding=\"async\" class=\"alignnone wp-image-25508 size-full\" src=\"https:\/\/labestiapolitica.com.mx\/wp-content\/uploads\/2024\/03\/cambeon-34.jpg\" alt=\"\" width=\"1000\" height=\"600\" srcset=\"https:\/\/labestiapolitica.com.mx\/wp-content\/uploads\/2024\/03\/cambeon-34.jpg 1000w, https:\/\/labestiapolitica.com.mx\/wp-content\/uploads\/2024\/03\/cambeon-34-300x180.jpg 300w, https:\/\/labestiapolitica.com.mx\/wp-content\/uploads\/2024\/03\/cambeon-34-768x461.jpg 768w\" sizes=\"auto, (max-width: 1000px) 100vw, 1000px\" \/> <img loading=\"lazy\" decoding=\"async\" class=\"alignnone wp-image-25509 size-full\" src=\"https:\/\/labestiapolitica.com.mx\/wp-content\/uploads\/2024\/03\/cabropnm2.jpg\" alt=\"\" width=\"1000\" height=\"600\" srcset=\"https:\/\/labestiapolitica.com.mx\/wp-content\/uploads\/2024\/03\/cabropnm2.jpg 1000w, https:\/\/labestiapolitica.com.mx\/wp-content\/uploads\/2024\/03\/cabropnm2-300x180.jpg 300w, https:\/\/labestiapolitica.com.mx\/wp-content\/uploads\/2024\/03\/cabropnm2-768x461.jpg 768w\" sizes=\"auto, (max-width: 1000px) 100vw, 1000px\" \/><\/p>\n","protected":false},"excerpt":{"rendered":"<p>Este s\u00e1bado, Juan Manuel Cambr\u00f3n, se reuni\u00f3 muy temprano con medios de comunicaci\u00f3n de la zona sur del estado. Fabiola M\u00c1RQUEZ\/ CoberturaRutaTlaxcala2024\/ El candidato a diputado federal del distrito tres de la Coalici\u00f3n Fuerza y Coraz\u00f3n por M\u00e9xico, manifest\u00f3 su respeto a la libertad de expresi\u00f3n y reconoci\u00f3 la labor de los periodistas que d\u00eda [&hellip;]<\/p>\n","protected":false},"author":3,"featured_media":25507,"comment_status":"open","ping_status":"open","sticky":false,"template":"","format":"standard","meta":{"footnotes":""},"categories":[12],"tags":[],"class_list":["post-25506","post","type-post","status-publish","format-standard","has-post-thumbnail","hentry","category-brujula-2026"],"amp_enabled":true,"_links":{"self":[{"href":"https:\/\/labestiapolitica.com.mx\/index.php?rest_route=\/wp\/v2\/posts\/25506","targetHints":{"allow":["GET"]}}],"collection":[{"href":"https:\/\/labestiapolitica.com.mx\/index.php?rest_route=\/wp\/v2\/posts"}],"about":[{"href":"https:\/\/labestiapolitica.com.mx\/index.php?rest_route=\/wp\/v2\/types\/post"}],"author":[{"embeddable":true,"href":"https:\/\/labestiapolitica.com.mx\/index.php?rest_route=\/wp\/v2\/users\/3"}],"replies":[{"embeddable":true,"href":"https:\/\/labestiapolitica.com.mx\/index.php?rest_route=%2Fwp%2Fv2%2Fcomments&post=25506"}],"version-history":[{"count":1,"href":"https:\/\/labestiapolitica.com.mx\/index.php?rest_route=\/wp\/v2\/posts\/25506\/revisions"}],"predecessor-version":[{"id":25510,"href":"https:\/\/labestiapolitica.com.mx\/index.php?rest_route=\/wp\/v2\/posts\/25506\/revisions\/25510"}],"wp:featuredmedia":[{"embeddable":true,"href":"https:\/\/labestiapolitica.com.mx\/index.php?rest_route=\/wp\/v2\/media\/25507"}],"wp:attachment":[{"href":"https:\/\/labestiapolitica.com.mx\/index.php?rest_route=%2Fwp%2Fv2%2Fmedia&parent=25506"}],"wp:term":[{"taxonomy":"category","embeddable":true,"href":"https:\/\/labestiapolitica.com.mx\/index.php?rest_route=%2Fwp%2Fv2%2Fcategories&post=25506"},{"taxonomy":"post_tag","embeddable":true,"href":"https:\/\/labestiapolitica.com.mx\/index.php?rest_route=%2Fwp%2Fv2%2Ftags&post=25506"}],"curies":[{"name":"wp","href":"https:\/\/api.w.org\/{rel}","templated":true}]}}