{"id":25528,"date":"2024-03-04T19:58:32","date_gmt":"2024-03-05T01:58:32","guid":{"rendered":"https:\/\/labestiapolitica.com.mx\/?p=25528"},"modified":"2024-03-06T16:14:35","modified_gmt":"2024-03-06T22:14:35","slug":"a-favor-de-reducir-la-edad-para-que-reciban-su-pension-los-abuelitos-ray-vazquez","status":"publish","type":"post","link":"https:\/\/labestiapolitica.com.mx\/?p=25528","title":{"rendered":"A favor de reducir la edad para que reciban su pensi\u00f3n los abuelitos: Ray V\u00e1zquez."},"content":{"rendered":"<p style=\"text-align: justify;\">Fabiola M\u00c1RQUEZ\/ #CoberturaRutaTlaxcala\/ Raymundo V\u00e1zquez se pronunci\u00f3 a favor de que las personas menores 65 a\u00f1os y que vivan con alguna discapacidad tengan el derecho de recibir una pensi\u00f3n, as\u00ed como rehabilitaci\u00f3n, y cuando cumplan la edad contemplada en la Ley disfruten de la pensi\u00f3n que se les otorga a las personas adultas mayores.<\/p>\n<p style=\"text-align: justify;\">Como parte de sus propuestas, el candidato a diputado federal por el distrito 02 de la coalici\u00f3n \u201cSigamos Haciendo Historia\u201d, dijo que la llamada cuarta transformaci\u00f3n debe continuar, cuyas bases fueron sentadas por el presidente, Andr\u00e9s Manuel L\u00f3pez.<\/p>\n<p style=\"text-align: justify;\">As\u00ed que respalda las propuestas de reformas, entre las que destaca, ampliar el universo de personas adultas mayores beneficiarias de una pensi\u00f3n no contributiva, es decir, reducir de 68 a 65 a\u00f1os la edad para tener acceso a dicha pensi\u00f3n.<\/p>\n<p style=\"text-align: justify;\">\u201cTenemos la responsabilidad de seguir impulsando el bienestar de la gente, que los recursos presupuestarios sigan el principio de progresividad y no regresi\u00f3n, hay mucho por hacer todav\u00eda, hay mucha gente que no cumple con la edad de los 65 a\u00f1os y padece alguna discapacidad, por eso debemos impulsar que la transformaci\u00f3n siga adelante\u201d, indic\u00f3.<\/p>\n<p style=\"text-align: justify;\">El candidato de MORENA, PVEM y PT, Ray V\u00e1zquez, asegur\u00f3 que la candidata presidencial de la coalici\u00f3n, Claudia Sheinbaum, ha refrendado su compromiso por la construcci\u00f3n del segundo piso de la 4T, y los sectores vulnerables, como son los adultos mayores, seguir\u00e1n recibiendo sus pensiones.<\/p>\n","protected":false},"excerpt":{"rendered":"<p>Fabiola M\u00c1RQUEZ\/ #CoberturaRutaTlaxcala\/ Raymundo V\u00e1zquez se pronunci\u00f3 a favor de que las personas menores 65 a\u00f1os y que vivan con alguna discapacidad tengan el derecho de recibir una pensi\u00f3n, as\u00ed como rehabilitaci\u00f3n, y cuando cumplan la edad contemplada en la Ley disfruten de la pensi\u00f3n que se les otorga a las personas adultas mayores. Como [&hellip;]<\/p>\n","protected":false},"author":3,"featured_media":25529,"comment_status":"open","ping_status":"open","sticky":false,"template":"","format":"standard","meta":{"footnotes":""},"categories":[7],"tags":[],"class_list":["post-25528","post","type-post","status-publish","format-standard","has-post-thumbnail","hentry","category-ciudadanos"],"amp_enabled":true,"_links":{"self":[{"href":"https:\/\/labestiapolitica.com.mx\/index.php?rest_route=\/wp\/v2\/posts\/25528","targetHints":{"allow":["GET"]}}],"collection":[{"href":"https:\/\/labestiapolitica.com.mx\/index.php?rest_route=\/wp\/v2\/posts"}],"about":[{"href":"https:\/\/labestiapolitica.com.mx\/index.php?rest_route=\/wp\/v2\/types\/post"}],"author":[{"embeddable":true,"href":"https:\/\/labestiapolitica.com.mx\/index.php?rest_route=\/wp\/v2\/users\/3"}],"replies":[{"embeddable":true,"href":"https:\/\/labestiapolitica.com.mx\/index.php?rest_route=%2Fwp%2Fv2%2Fcomments&post=25528"}],"version-history":[{"count":1,"href":"https:\/\/labestiapolitica.com.mx\/index.php?rest_route=\/wp\/v2\/posts\/25528\/revisions"}],"predecessor-version":[{"id":25530,"href":"https:\/\/labestiapolitica.com.mx\/index.php?rest_route=\/wp\/v2\/posts\/25528\/revisions\/25530"}],"wp:featuredmedia":[{"embeddable":true,"href":"https:\/\/labestiapolitica.com.mx\/index.php?rest_route=\/wp\/v2\/media\/25529"}],"wp:attachment":[{"href":"https:\/\/labestiapolitica.com.mx\/index.php?rest_route=%2Fwp%2Fv2%2Fmedia&parent=25528"}],"wp:term":[{"taxonomy":"category","embeddable":true,"href":"https:\/\/labestiapolitica.com.mx\/index.php?rest_route=%2Fwp%2Fv2%2Fcategories&post=25528"},{"taxonomy":"post_tag","embeddable":true,"href":"https:\/\/labestiapolitica.com.mx\/index.php?rest_route=%2Fwp%2Fv2%2Ftags&post=25528"}],"curies":[{"name":"wp","href":"https:\/\/api.w.org\/{rel}","templated":true}]}}