{"id":25532,"date":"2024-03-04T20:09:55","date_gmt":"2024-03-05T02:09:55","guid":{"rendered":"https:\/\/labestiapolitica.com.mx\/?p=25532"},"modified":"2024-03-06T16:14:43","modified_gmt":"2024-03-06T22:14:43","slug":"sigamos-haciendo-historia-en-tlaxcala-una-alianza-historica","status":"publish","type":"post","link":"https:\/\/labestiapolitica.com.mx\/?p=25532","title":{"rendered":"\u00a1Sigamos Haciendo Historia en Tlaxcala, una alianza hist\u00f3rica!"},"content":{"rendered":"<p style=\"text-align: justify;\">Las dirigencias estatales de los partidos Movimiento de Regeneraci\u00f3n Nacional (Morena), del Trabajo (PT), Verde Ecologista de M\u00e9xico (PVEM), Fuerza por M\u00e9xico (FXM), Nueva Alianza Tlaxcala (PANALT) y Redes Sociales Progresistas (RSP) presentaron el convenio de candidatura com\u00fan con el que participar\u00e1n en la elecci\u00f3n por 11 de los 15 distritos locales.<\/p>\n<p style=\"text-align: justify;\">Las y los dirigentes de las seis fuerzas que conforman la alianza de candidatura com\u00fan \u201cSigamos Haciendo Historia en Tlaxcala\u201d, Carlos Augusto P\u00e9rez Hern\u00e1ndez (Morena), Irma Garay Loredo (PT), Maribel Le\u00f3n Cruz (PVEM), Reyna Flor B\u00e1ez Lozano (FXM), William Zainos Flores (PANALT) y Aurora Villeda Temoltzin (RSP), coincidieron en se\u00f1alar que est\u00e1 unidad abonar\u00e1 al fortalecimiento en la construcci\u00f3n del Segundo piso de la Cuarta Transformaci\u00f3n.<\/p>\n<p style=\"text-align: justify;\">Destacaron que el convenio de candidatura com\u00fan ser\u00e1 incluyente, respetando todas las acciones afirmativas en favor de las mujeres, personas con discapacidad, pueblos originarios, j\u00f3venes y la comunidad LGBTQI+.<\/p>\n<p style=\"text-align: justify;\">Las candidaturas comunes en los 11 distritos locales quedaron definidas de la siguiente manera:<\/p>\n<p style=\"text-align: justify;\">\n<p style=\"text-align: justify;\">\u2022 Distrito 01 con cabecera en Calpulalpan: Morena.<\/p>\n<p style=\"text-align: justify;\">\u2022 Distrito 02 con cabecera en Tlaxco: Morena.<\/p>\n<p style=\"text-align: justify;\">\u2022 Distrito 03 con cabecera en Tetla de la Solidaridad: PVEM.<\/p>\n<p style=\"text-align: justify;\">\u2022 Distrito 04 con cabecera en Apizaco: PANALT.<\/p>\n<p style=\"text-align: justify;\">\u2022 Distrito 05 con cabecera en Panotla: RSP.<\/p>\n<p style=\"text-align: justify;\">\u2022 Distrito 07 con cabecera en Tlaxcala: Morena.<\/p>\n<p style=\"text-align: justify;\">\u2022 Distrito 08 con cabecera en Contla de Juan Cuamatzi: Fuerza por M\u00e9xico.<\/p>\n<p style=\"text-align: justify;\">\u2022 Distrito 09 con cabecera en Santa Chiautempan: PVEM.<\/p>\n<p style=\"text-align: justify;\">\u2022 Distrito 11 con cabecera en Huamantla: PT.<\/p>\n<p style=\"text-align: justify;\">\u2022 Distrito 12 con cabecera en San Luis Teolocholco: Nueva Alianza.<\/p>\n<p style=\"text-align: justify;\">\u2022 Distrito 13 con cabecera en Zacatelco: PT.<\/p>\n<p style=\"text-align: justify;\">Para los distritos 06, 10, 14 y 15 los partidos acordaron presentar candidaturas individuales.<\/p>\n","protected":false},"excerpt":{"rendered":"<p>Las dirigencias estatales de los partidos Movimiento de Regeneraci\u00f3n Nacional (Morena), del Trabajo (PT), Verde Ecologista de M\u00e9xico (PVEM), Fuerza por M\u00e9xico (FXM), Nueva Alianza Tlaxcala (PANALT) y Redes Sociales Progresistas (RSP) presentaron el convenio de candidatura com\u00fan con el que participar\u00e1n en la elecci\u00f3n por 11 de los 15 distritos locales. Las y los [&hellip;]<\/p>\n","protected":false},"author":3,"featured_media":25533,"comment_status":"open","ping_status":"open","sticky":false,"template":"","format":"standard","meta":{"footnotes":""},"categories":[7],"tags":[],"class_list":["post-25532","post","type-post","status-publish","format-standard","has-post-thumbnail","hentry","category-ciudadanos"],"amp_enabled":true,"_links":{"self":[{"href":"https:\/\/labestiapolitica.com.mx\/index.php?rest_route=\/wp\/v2\/posts\/25532","targetHints":{"allow":["GET"]}}],"collection":[{"href":"https:\/\/labestiapolitica.com.mx\/index.php?rest_route=\/wp\/v2\/posts"}],"about":[{"href":"https:\/\/labestiapolitica.com.mx\/index.php?rest_route=\/wp\/v2\/types\/post"}],"author":[{"embeddable":true,"href":"https:\/\/labestiapolitica.com.mx\/index.php?rest_route=\/wp\/v2\/users\/3"}],"replies":[{"embeddable":true,"href":"https:\/\/labestiapolitica.com.mx\/index.php?rest_route=%2Fwp%2Fv2%2Fcomments&post=25532"}],"version-history":[{"count":1,"href":"https:\/\/labestiapolitica.com.mx\/index.php?rest_route=\/wp\/v2\/posts\/25532\/revisions"}],"predecessor-version":[{"id":25534,"href":"https:\/\/labestiapolitica.com.mx\/index.php?rest_route=\/wp\/v2\/posts\/25532\/revisions\/25534"}],"wp:featuredmedia":[{"embeddable":true,"href":"https:\/\/labestiapolitica.com.mx\/index.php?rest_route=\/wp\/v2\/media\/25533"}],"wp:attachment":[{"href":"https:\/\/labestiapolitica.com.mx\/index.php?rest_route=%2Fwp%2Fv2%2Fmedia&parent=25532"}],"wp:term":[{"taxonomy":"category","embeddable":true,"href":"https:\/\/labestiapolitica.com.mx\/index.php?rest_route=%2Fwp%2Fv2%2Fcategories&post=25532"},{"taxonomy":"post_tag","embeddable":true,"href":"https:\/\/labestiapolitica.com.mx\/index.php?rest_route=%2Fwp%2Fv2%2Ftags&post=25532"}],"curies":[{"name":"wp","href":"https:\/\/api.w.org\/{rel}","templated":true}]}}