{"id":25538,"date":"2024-03-04T20:23:50","date_gmt":"2024-03-05T02:23:50","guid":{"rendered":"https:\/\/labestiapolitica.com.mx\/?p=25538"},"modified":"2024-03-06T16:14:47","modified_gmt":"2024-03-06T22:14:47","slug":"es-rodrigo-cuahutle-el-candidato-del-pueblo","status":"publish","type":"post","link":"https:\/\/labestiapolitica.com.mx\/?p=25538","title":{"rendered":"Es Rodrigo Cuahutle el candidato del pueblo."},"content":{"rendered":"<p style=\"text-align: justify;\">\u00a0El oriundo de San Luis Teolocholco inici\u00f3 su campa\u00f1a rumbo al Senado de la Rep\u00fablica en su municipio.<\/p>\n<p style=\"text-align: justify;\">Visiblemente emocionado, el candidato por el Partido del Trabajo (PT) al Senado de la Rep\u00fablica por Tlaxcala, Rodrigo Cuahutle Salazar, comenz\u00f3 su campa\u00f1a rumbo a la m\u00e1xima tribuna del pa\u00eds en su municipio natal.<\/p>\n<p style=\"text-align: justify;\">En su recorrido, amigos y simpatizantes le brindaron su apoyo, pues saben de su origen humilde y de su historia de \u00e9xito que lo convierte en el candidato del pueblo.<\/p>\n<p style=\"text-align: justify;\">\u201cDesde muy ni\u00f1o conoc\u00ed el valor del trabajo y la satisfacci\u00f3n de saber que ese es el verdadero camino para salir adelante de manera honesta\u201d, asegur\u00f3.<\/p>\n<p style=\"text-align: justify;\">Agradecido con la oportunidad que le brinda el partido de la estrella, Rodrigo Cuahutle, se comprometi\u00f3 a ser la voz del pueblo, en la Casa del Pueblo, y construir el segundo piso de la cuarta transformaci\u00f3n.<\/p>\n<p style=\"text-align: justify;\">https:\/\/www.facebook.com\/share\/v\/oPPHU83XwsP8HFyz\/?mibextid=WC7FNe<\/p>\n","protected":false},"excerpt":{"rendered":"<p>\u00a0El oriundo de San Luis Teolocholco inici\u00f3 su campa\u00f1a rumbo al Senado de la Rep\u00fablica en su municipio. Visiblemente emocionado, el candidato por el Partido del Trabajo (PT) al Senado de la Rep\u00fablica por Tlaxcala, Rodrigo Cuahutle Salazar, comenz\u00f3 su campa\u00f1a rumbo a la m\u00e1xima tribuna del pa\u00eds en su municipio natal. En su recorrido, [&hellip;]<\/p>\n","protected":false},"author":3,"featured_media":25539,"comment_status":"open","ping_status":"open","sticky":false,"template":"","format":"standard","meta":{"footnotes":""},"categories":[7],"tags":[],"class_list":["post-25538","post","type-post","status-publish","format-standard","has-post-thumbnail","hentry","category-ciudadanos"],"amp_enabled":true,"_links":{"self":[{"href":"https:\/\/labestiapolitica.com.mx\/index.php?rest_route=\/wp\/v2\/posts\/25538","targetHints":{"allow":["GET"]}}],"collection":[{"href":"https:\/\/labestiapolitica.com.mx\/index.php?rest_route=\/wp\/v2\/posts"}],"about":[{"href":"https:\/\/labestiapolitica.com.mx\/index.php?rest_route=\/wp\/v2\/types\/post"}],"author":[{"embeddable":true,"href":"https:\/\/labestiapolitica.com.mx\/index.php?rest_route=\/wp\/v2\/users\/3"}],"replies":[{"embeddable":true,"href":"https:\/\/labestiapolitica.com.mx\/index.php?rest_route=%2Fwp%2Fv2%2Fcomments&post=25538"}],"version-history":[{"count":1,"href":"https:\/\/labestiapolitica.com.mx\/index.php?rest_route=\/wp\/v2\/posts\/25538\/revisions"}],"predecessor-version":[{"id":25540,"href":"https:\/\/labestiapolitica.com.mx\/index.php?rest_route=\/wp\/v2\/posts\/25538\/revisions\/25540"}],"wp:featuredmedia":[{"embeddable":true,"href":"https:\/\/labestiapolitica.com.mx\/index.php?rest_route=\/wp\/v2\/media\/25539"}],"wp:attachment":[{"href":"https:\/\/labestiapolitica.com.mx\/index.php?rest_route=%2Fwp%2Fv2%2Fmedia&parent=25538"}],"wp:term":[{"taxonomy":"category","embeddable":true,"href":"https:\/\/labestiapolitica.com.mx\/index.php?rest_route=%2Fwp%2Fv2%2Fcategories&post=25538"},{"taxonomy":"post_tag","embeddable":true,"href":"https:\/\/labestiapolitica.com.mx\/index.php?rest_route=%2Fwp%2Fv2%2Ftags&post=25538"}],"curies":[{"name":"wp","href":"https:\/\/api.w.org\/{rel}","templated":true}]}}