{"id":25557,"date":"2024-03-05T13:57:32","date_gmt":"2024-03-05T19:57:32","guid":{"rendered":"https:\/\/labestiapolitica.com.mx\/?p=25557"},"modified":"2024-03-05T13:57:32","modified_gmt":"2024-03-05T19:57:32","slug":"entrega-cedh-a-ssc-cartilla-de-bolsillo-de-derechos-humanos","status":"publish","type":"post","link":"https:\/\/labestiapolitica.com.mx\/?p=25557","title":{"rendered":"Entrega CEDH a SSC cartilla de bolsillo de derechos humanos."},"content":{"rendered":"<ul>\n<li style=\"text-align: justify;\"><em>Durante la capacitaci\u00f3n a 700 elementos se facilit\u00f3 esta gu\u00eda breve de Actuaci\u00f3n Policial que busca abonar en su mejor actuar<\/em><\/li>\n<\/ul>\n<p style=\"text-align: justify;\">Con el objetivo de generar una actuaci\u00f3n con sensibilidad y empat\u00eda, reconociendo las diferentes realidades y experiencias que enfrentan las mujeres en su participaci\u00f3n en espacios p\u00fablicos y manifestaciones, este d\u00eda, la presidenta de la Comisi\u00f3n Estatal de Derechos Humanos, Jakqueline Ordo\u00f1ez Brasdefer, entreg\u00f3 al titular de la Secretar\u00eda de Seguridad Ciudadana (SSC), Alberto Mart\u00edn Perea Marrufo, una cartilla de bolsillo de derechos humanos para todos los integrantes de esta corporaci\u00f3n.<\/p>\n<p style=\"text-align: justify;\">Se trata de una Gu\u00eda Breve de Actuaci\u00f3n Policial, que este organismo aut\u00f3nomo ha realizado para todo el personal de seguridad p\u00fablica de esta secretar\u00eda y que abona en su mejor actuar, pues en ella se informa sobre las violaciones a derechos humanos que puede cometer un elemento durante una actuaci\u00f3n e intervenci\u00f3n en una manifestaci\u00f3n o linchamiento, las consecuencias de incurrir en violaciones, la gu\u00eda de actuaci\u00f3n, la protecci\u00f3n de grupos de atenci\u00f3n prioritaria, el uso de la fuerza, as\u00ed como los elementos b\u00e1sicos de respeto a los derechos humanos.<\/p>\n<p style=\"text-align: justify;\">Como su nombre lo indica, la cartilla de bolsillo, busca brindar a los elementos de la SSC la informaci\u00f3n b\u00e1sica para una mejor actuaci\u00f3n en manifestaciones o linchamientos, aunque de ser el caso, pueden profundizar en la informaci\u00f3n a trav\u00e9s del C\u00f3digo QR que viene impreso, donde podr\u00e1n consultar informaci\u00f3n sobre leyes y protocolos de actuaci\u00f3n y otra documentaci\u00f3n indispensable para mejor su actuar en estos casos.<\/p>\n<p style=\"text-align: justify;\">La Ombudsperson inform\u00f3 que esta gu\u00eda se entreg\u00f3 durante la capacitaci\u00f3n tanto presencial como en l\u00ednea otorgada a alrededor de 700 polic\u00edas estatales con los est\u00e1ndares locales, nacionales e internacionales de derechos humanos, con lo cual, la CEDH se suma a las actividades de la SSC, para llevar a cabo esta capacitaci\u00f3n sobre la aplicaci\u00f3n del Protocolo de Actuaci\u00f3n Policial para la Seguridad y Atenci\u00f3n de Manifestaciones para el estado de Tlaxcala, con perspectiva de derechos humanos.<\/p>\n<p style=\"text-align: justify;\">Jakqueline Ordo\u00f1ez Brasdefer refiri\u00f3 que esta actividad se da en el contexto del D\u00eda Internacional de la Mujer, un d\u00eda de reflexi\u00f3n, acci\u00f3n y solidaridad en reconocimiento a la lucha por la igualdad de g\u00e9nero y los derechos de las mujeres.<\/p>\n<p style=\"text-align: justify;\">En el caso de Tlaxcala, ser\u00e1 escenario de marchas y manifestaciones organizadas por colectivos feministas, a las cuales se sumar\u00e1n mujeres, v\u00edctimas de violencia y sus familias, en un acto de protesta y conmemoraci\u00f3n donde la CEDHT se solidariza con todas ellas y reitera su apoyo a la libre expresi\u00f3n y manifestaci\u00f3n de ideas, reconociendo estas acciones como pilares fundamentales para la visibilizaci\u00f3n de las desigualdades y la promoci\u00f3n de cambios sociales significativos.<\/p>\n","protected":false},"excerpt":{"rendered":"<p>Durante la capacitaci\u00f3n a 700 elementos se facilit\u00f3 esta gu\u00eda breve de Actuaci\u00f3n Policial que busca abonar en su mejor actuar Con el objetivo de generar una actuaci\u00f3n con sensibilidad y empat\u00eda, reconociendo las diferentes realidades y experiencias que enfrentan las mujeres en su participaci\u00f3n en espacios p\u00fablicos y manifestaciones, este d\u00eda, la presidenta de [&hellip;]<\/p>\n","protected":false},"author":3,"featured_media":25558,"comment_status":"open","ping_status":"open","sticky":false,"template":"","format":"standard","meta":{"footnotes":""},"categories":[12],"tags":[],"class_list":["post-25557","post","type-post","status-publish","format-standard","has-post-thumbnail","hentry","category-brujula-2026"],"amp_enabled":true,"_links":{"self":[{"href":"https:\/\/labestiapolitica.com.mx\/index.php?rest_route=\/wp\/v2\/posts\/25557","targetHints":{"allow":["GET"]}}],"collection":[{"href":"https:\/\/labestiapolitica.com.mx\/index.php?rest_route=\/wp\/v2\/posts"}],"about":[{"href":"https:\/\/labestiapolitica.com.mx\/index.php?rest_route=\/wp\/v2\/types\/post"}],"author":[{"embeddable":true,"href":"https:\/\/labestiapolitica.com.mx\/index.php?rest_route=\/wp\/v2\/users\/3"}],"replies":[{"embeddable":true,"href":"https:\/\/labestiapolitica.com.mx\/index.php?rest_route=%2Fwp%2Fv2%2Fcomments&post=25557"}],"version-history":[{"count":1,"href":"https:\/\/labestiapolitica.com.mx\/index.php?rest_route=\/wp\/v2\/posts\/25557\/revisions"}],"predecessor-version":[{"id":25559,"href":"https:\/\/labestiapolitica.com.mx\/index.php?rest_route=\/wp\/v2\/posts\/25557\/revisions\/25559"}],"wp:featuredmedia":[{"embeddable":true,"href":"https:\/\/labestiapolitica.com.mx\/index.php?rest_route=\/wp\/v2\/media\/25558"}],"wp:attachment":[{"href":"https:\/\/labestiapolitica.com.mx\/index.php?rest_route=%2Fwp%2Fv2%2Fmedia&parent=25557"}],"wp:term":[{"taxonomy":"category","embeddable":true,"href":"https:\/\/labestiapolitica.com.mx\/index.php?rest_route=%2Fwp%2Fv2%2Fcategories&post=25557"},{"taxonomy":"post_tag","embeddable":true,"href":"https:\/\/labestiapolitica.com.mx\/index.php?rest_route=%2Fwp%2Fv2%2Ftags&post=25557"}],"curies":[{"name":"wp","href":"https:\/\/api.w.org\/{rel}","templated":true}]}}