{"id":25560,"date":"2024-03-05T14:03:56","date_gmt":"2024-03-05T20:03:56","guid":{"rendered":"https:\/\/labestiapolitica.com.mx\/?p=25560"},"modified":"2024-03-05T14:03:56","modified_gmt":"2024-03-05T20:03:56","slug":"posicionamiento-de-la-comision-estatal-de-derechos-humanos-de-tlaxcala-para-el-dia-internacional-de-la-mujer-2024","status":"publish","type":"post","link":"https:\/\/labestiapolitica.com.mx\/?p=25560","title":{"rendered":"Posicionamiento de la Comisi\u00f3n Estatal de Derechos Humanos de Tlaxcala para el D\u00eda Internacional de la Mujer 2024."},"content":{"rendered":"<p style=\"text-align: justify;\"><strong>\u00a0<\/strong>En el marco del D\u00eda Internacional de la Mujer, este 8 de marzo de 2024, la Comisi\u00f3n Estatal de Derechos Humanos de Tlaxcala (CEDHT) se une a la reflexi\u00f3n global sobre los avances y los desaf\u00edos pendientes en la lucha por la igualdad de g\u00e9nero, el reconocimiento pleno y el ejercicio efectivo de los derechos de las mujeres y ni\u00f1as.<\/p>\n<p style=\"text-align: justify;\">Esta fecha, lejos de ser una mera celebraci\u00f3n, es un llamado a la acci\u00f3n y a la conciencia sobre la necesidad de continuar trabajando incansablemente por una sociedad justa, equitativa y libre de violencia contra las mujeres.<\/p>\n<p style=\"text-align: justify;\">Reconocemos y valoramos el papel fundamental de las mujeres en la construcci\u00f3n de una sociedad m\u00e1s justa y democr\u00e1tica. Su lucha hist\u00f3rica por la igualdad y la justicia ha sido un motor de cambio y progreso en todas las esferas de la vida social, econ\u00f3mica, cultural y pol\u00edtica. En este sentido, la CEDHT reafirma su compromiso inquebrantable con la promoci\u00f3n, protecci\u00f3n y garant\u00eda de los derechos humanos de las mujeres y ni\u00f1as en Tlaxcala y en todo el pa\u00eds.<\/p>\n<p style=\"text-align: justify;\">Este 8 de marzo, Tlaxcala ser\u00e1 escenario de marchas y manifestaciones organizadas por colectivos feministas, a las cuales se sumar\u00e1n mujeres, v\u00edctimas de violencia y sus familias, en un acto de protesta y conmemoraci\u00f3n. La CEDHT se solidariza con todas ellas y reitera su apoyo a la libre expresi\u00f3n y manifestaci\u00f3n de ideas, reconociendo estas acciones como pilares fundamentales para la visibilizaci\u00f3n de las desigualdades y la promoci\u00f3n de cambios sociales significativos.<\/p>\n<p style=\"text-align: justify;\">En cumplimiento de nuestras facultades constitucionales y legales, y en l\u00ednea con los est\u00e1ndares internacionales de derechos humanos, la CEDHT llevar\u00e1 a cabo un acompa\u00f1amiento Institucional durante estas manifestaciones.<\/p>\n<p style=\"text-align: justify;\">Nuestro objetivo es observar y documentar el desarrollo de los eventos, garantizando que se respeten los derechos de todas las participantes y se promueva un ambiente seguro y respetuoso para la expresi\u00f3n de sus demandas.<\/p>\n<p style=\"text-align: justify;\">La protesta social es una herramienta vital para el fortalecimiento de la democracia y la participaci\u00f3n ciudadana. A trav\u00e9s de ella, la sociedad puede expresar sus necesidades, preocupaciones y exigencias a las autoridades, impulsando la adopci\u00f3n de medidas efectivas para la soluci\u00f3n de conflictos y la satisfacci\u00f3n de los derechos colectivos. La CEDHT reconoce el valor de estas manifestaciones en la promoci\u00f3n del di\u00e1logo, la tolerancia y el respeto mutuo como bases para la construcci\u00f3n de una sociedad m\u00e1s justa y equitativa.<\/p>\n<p style=\"text-align: justify;\">Reconocemos, adem\u00e1s, que la violencia contra las mujeres es una de las violaciones de derechos humanos m\u00e1s persistentes y devastadoras en nuestra sociedad. Por ello, hacemos un llamado a todas las autoridades estatales y municipales para que, en el \u00e1mbito de sus competencias, intensifiquen sus esfuerzos en la promoci\u00f3n de una vida libre de violencia para todas las mujeres. Es imperativo garantizar su acceso a la justicia y a servicios de apoyo eficaces, as\u00ed como implementar pol\u00edticas p\u00fablicas que aborden de manera integral la prevenci\u00f3n, atenci\u00f3n y erradicaci\u00f3n de todas las formas de violencia de g\u00e9nero.<\/p>\n<p style=\"text-align: justify;\">En este D\u00eda Internacional de la Mujer, la CEDHT se compromete a seguir trabajando de la mano con la sociedad civil, colectivos feministas, v\u00edctimas y sus familias, para avanzar en la defensa y promoci\u00f3n de los derechos humanos de las mujeres y ni\u00f1as. En la CEDHT estamos siempre abiertos al di\u00e1logo y a la colaboraci\u00f3n con todos los sectores de la sociedad para construir juntos caminos de paz, igualdad y justicia.<\/p>\n<p style=\"text-align: justify;\">El reconocimiento de los derechos de las mujeres es una lucha de todas y todos. En este d\u00eda, renovamos nuestro compromiso de seguir trabajando incansablemente por un Tlaxcala y un M\u00e9xico donde todas las mujeres puedan vivir libres de violencia, con igualdad de oportunidades y pleno ejercicio de sus derechos humanos.<\/p>\n","protected":false},"excerpt":{"rendered":"<p>\u00a0En el marco del D\u00eda Internacional de la Mujer, este 8 de marzo de 2024, la Comisi\u00f3n Estatal de Derechos Humanos de Tlaxcala (CEDHT) se une a la reflexi\u00f3n global sobre los avances y los desaf\u00edos pendientes en la lucha por la igualdad de g\u00e9nero, el reconocimiento pleno y el ejercicio efectivo de los derechos [&hellip;]<\/p>\n","protected":false},"author":3,"featured_media":25561,"comment_status":"open","ping_status":"open","sticky":false,"template":"","format":"standard","meta":{"footnotes":""},"categories":[7],"tags":[],"class_list":["post-25560","post","type-post","status-publish","format-standard","has-post-thumbnail","hentry","category-ciudadanos"],"amp_enabled":true,"_links":{"self":[{"href":"https:\/\/labestiapolitica.com.mx\/index.php?rest_route=\/wp\/v2\/posts\/25560","targetHints":{"allow":["GET"]}}],"collection":[{"href":"https:\/\/labestiapolitica.com.mx\/index.php?rest_route=\/wp\/v2\/posts"}],"about":[{"href":"https:\/\/labestiapolitica.com.mx\/index.php?rest_route=\/wp\/v2\/types\/post"}],"author":[{"embeddable":true,"href":"https:\/\/labestiapolitica.com.mx\/index.php?rest_route=\/wp\/v2\/users\/3"}],"replies":[{"embeddable":true,"href":"https:\/\/labestiapolitica.com.mx\/index.php?rest_route=%2Fwp%2Fv2%2Fcomments&post=25560"}],"version-history":[{"count":1,"href":"https:\/\/labestiapolitica.com.mx\/index.php?rest_route=\/wp\/v2\/posts\/25560\/revisions"}],"predecessor-version":[{"id":25562,"href":"https:\/\/labestiapolitica.com.mx\/index.php?rest_route=\/wp\/v2\/posts\/25560\/revisions\/25562"}],"wp:featuredmedia":[{"embeddable":true,"href":"https:\/\/labestiapolitica.com.mx\/index.php?rest_route=\/wp\/v2\/media\/25561"}],"wp:attachment":[{"href":"https:\/\/labestiapolitica.com.mx\/index.php?rest_route=%2Fwp%2Fv2%2Fmedia&parent=25560"}],"wp:term":[{"taxonomy":"category","embeddable":true,"href":"https:\/\/labestiapolitica.com.mx\/index.php?rest_route=%2Fwp%2Fv2%2Fcategories&post=25560"},{"taxonomy":"post_tag","embeddable":true,"href":"https:\/\/labestiapolitica.com.mx\/index.php?rest_route=%2Fwp%2Fv2%2Ftags&post=25560"}],"curies":[{"name":"wp","href":"https:\/\/api.w.org\/{rel}","templated":true}]}}