{"id":25566,"date":"2024-03-05T14:16:42","date_gmt":"2024-03-05T20:16:42","guid":{"rendered":"https:\/\/labestiapolitica.com.mx\/?p=25566"},"modified":"2024-03-05T14:16:42","modified_gmt":"2024-03-05T20:16:42","slug":"inaugura-gobernadora-albergue-temporal-para-familiares-de-pacientes-hospitalizados","status":"publish","type":"post","link":"https:\/\/labestiapolitica.com.mx\/?p=25566","title":{"rendered":"Inaugura Gobernadora albergue temporal para familiares de pacientes hospitalizados."},"content":{"rendered":"<ul>\n<li style=\"text-align: justify;\">La construcci\u00f3n de este no significa solo un edificio con paredes, es un lugar de amor, fortaleza y comodidad para los cuidadores<\/li>\n<\/ul>\n<p style=\"text-align: justify;\">Con la finalidad de brindar a familiares de pacientes hospitalizados un lugar donde poder descansar, alimentarse y despejarse del d\u00eda a d\u00eda dentro de un nosocomio, la gobernadora de la salud Lorena Cu\u00e9llar Cisneros y la presidenta honor\u00edfica del Sistema Estatal para el Desarrollo Integral de la Familia (Sedif), Mariana Espinosa de los Monteros Cu\u00e9llar inauguraron la \u201cCasa Hospitales del Sedif\u201d.<\/p>\n<p style=\"text-align: justify;\">Al respecto, la mandataria estatal asegur\u00f3 que la construcci\u00f3n de este edificio no solo significa paredes, pues ser\u00e1 un refugio de amor, comprensi\u00f3n, fortaleza y comodidad para quienes est\u00e1n como cuidadores y a la espera de que su paciente presente mejor\u00eda en su salud.<\/p>\n<p style=\"text-align: justify;\">\u201cEs un d\u00eda para mi muy especial, pues esperamos un tiempo para tener este espacio y hoy albergar\u00e1 a miles de cuidadores. Yo tuve la oportunidad de ser voluntaria de hospitales, me toc\u00f3 cuidar a muchos enfermos durante seis a\u00f1os y me toc\u00f3 ver como se ten\u00edan que quedar en sillas, banquetas, en un coche, con frio, el calor, lluvia y por eso s\u00e9 lo que representa este nuevo lugar\u201d, acot\u00f3.<\/p>\n<p style=\"text-align: justify;\">Cu\u00e9llar Cisneros record\u00f3 que en dicha localidad donde est\u00e1 ubicado el albergue, San Mat\u00edas Tepetomatitl\u00e1n, municipio de San Pablo Apetatitl\u00e1n estar\u00e1 la ciudad de la salud y por ello, su administraci\u00f3n rehabilita los Hospitales Infantil de Tlaxcala (HIT) y el de la mujer, aunado a que se adquieren aparatos m\u00e9dicos.<\/p>\n<p style=\"text-align: justify;\">Agreg\u00f3 que el trabajo de salud no solo se realiza en hospitales, cl\u00ednicas o centros de salud, pues \u201ctambi\u00e9n estamos en los hogares, llevando camas a los pacientes postrados, hace unos d\u00edas entregaba sof\u00e1s-camas a hospitales y muchas acciones que hemos implementado para transformar la salud de tlaxcaltecas\u201d.<\/p>\n<p style=\"text-align: justify;\">Mientras que, Espinosa de los Monteros Cu\u00e9llar destac\u00f3 que este espacio era un muy esperado para los tlaxcaltecas y que a partir de este jueves 29 de febrero se vio materializado el proyecto humanitario que se ten\u00eda planeado tiempo atr\u00e1s y marca el comienzo de un espacio solidario que brindar\u00e1 apoyo, comodidad y esperanza a tantas personas que atraviesan momentos dif\u00edciles.<\/p>\n<p style=\"text-align: justify;\">\u201cAqu\u00ed cuentan con un espacio donde podr\u00e1n descansar, alimentarse, asearse y recuperar energ\u00edas para seguir cuidando de sus pacientes sin tener que permanecer a las afueras de los hospitales, en las fr\u00edas salas de espera, o sufriendo las inclemencias del clima\u201d, indic\u00f3.<\/p>\n<p style=\"text-align: justify;\">La presidenta del Sedif afirm\u00f3 que no solo encontrar\u00e1n un refugio f\u00edsico, sino tambi\u00e9n un refugio emocional, pues, cuenta con un consultorio m\u00e9dico para atender las necesidades de salud, \u00e1rea de trabajo social, as\u00ed como un \u00e1rea administrativa y de recepci\u00f3n que opera con calidez y eficiencia para recibir a quienes lo necesitan.<\/p>\n<p style=\"text-align: justify;\">A su vez, el titular de la Secretar\u00eda de Infraestructura (SI), Diego Corona Cremean precis\u00f3 que la inversi\u00f3n para su construcci\u00f3n y equipamiento fue de 47 millones 981 mil 624 pesos y beneficia a un mill\u00f3n 342 mil 977 pobladores, es decir todos los tlaxcaltecas que se encuentren en dichas condiciones.<\/p>\n<p style=\"text-align: justify;\">A\u00f1adi\u00f3 que la obra consisti\u00f3 en mamparas, instalaciones hidrosanitarias, de gas, detectores de humo, fachada, se\u00f1al\u00e9tica limpieza, subestaci\u00f3n, canal de captaci\u00f3n pluvial, jardiner\u00eda, estacionamiento, muros de contenci\u00f3n, limpieza en obra exterior, obra complementaria, canceler\u00eda, aluminio y andadores.<\/p>\n<p style=\"text-align: justify;\">Por \u00faltimo, a nombre de los beneficiarios, Dulce Mar\u00eda Angulo Ram\u00edrez, aplaudi\u00f3 la apertura de este espacio y agradeci\u00f3 a las autoridades, quienes se han preocupado por las familias que tienen un enfermo en dicho complejo de salud, pues \u201ca partir de hoy tendremos un lugar con condiciones dignas y cerca de nuestros enfermos\u201d.<\/p>\n<p style=\"text-align: justify;\">Todos los asistentes hicieron el corte de list\u00f3n y un recorrido por las instalaciones donde se pudo constatar que cuentan con camas, cobijas, agua, gas y todo lo necesario para descansar y ba\u00f1arse.<\/p>\n","protected":false},"excerpt":{"rendered":"<p>La construcci\u00f3n de este no significa solo un edificio con paredes, es un lugar de amor, fortaleza y comodidad para los cuidadores Con la finalidad de brindar a familiares de pacientes hospitalizados un lugar donde poder descansar, alimentarse y despejarse del d\u00eda a d\u00eda dentro de un nosocomio, la gobernadora de la salud Lorena Cu\u00e9llar [&hellip;]<\/p>\n","protected":false},"author":3,"featured_media":25567,"comment_status":"open","ping_status":"open","sticky":false,"template":"","format":"standard","meta":{"footnotes":""},"categories":[7],"tags":[],"class_list":["post-25566","post","type-post","status-publish","format-standard","has-post-thumbnail","hentry","category-ciudadanos"],"amp_enabled":true,"_links":{"self":[{"href":"https:\/\/labestiapolitica.com.mx\/index.php?rest_route=\/wp\/v2\/posts\/25566","targetHints":{"allow":["GET"]}}],"collection":[{"href":"https:\/\/labestiapolitica.com.mx\/index.php?rest_route=\/wp\/v2\/posts"}],"about":[{"href":"https:\/\/labestiapolitica.com.mx\/index.php?rest_route=\/wp\/v2\/types\/post"}],"author":[{"embeddable":true,"href":"https:\/\/labestiapolitica.com.mx\/index.php?rest_route=\/wp\/v2\/users\/3"}],"replies":[{"embeddable":true,"href":"https:\/\/labestiapolitica.com.mx\/index.php?rest_route=%2Fwp%2Fv2%2Fcomments&post=25566"}],"version-history":[{"count":1,"href":"https:\/\/labestiapolitica.com.mx\/index.php?rest_route=\/wp\/v2\/posts\/25566\/revisions"}],"predecessor-version":[{"id":25568,"href":"https:\/\/labestiapolitica.com.mx\/index.php?rest_route=\/wp\/v2\/posts\/25566\/revisions\/25568"}],"wp:featuredmedia":[{"embeddable":true,"href":"https:\/\/labestiapolitica.com.mx\/index.php?rest_route=\/wp\/v2\/media\/25567"}],"wp:attachment":[{"href":"https:\/\/labestiapolitica.com.mx\/index.php?rest_route=%2Fwp%2Fv2%2Fmedia&parent=25566"}],"wp:term":[{"taxonomy":"category","embeddable":true,"href":"https:\/\/labestiapolitica.com.mx\/index.php?rest_route=%2Fwp%2Fv2%2Fcategories&post=25566"},{"taxonomy":"post_tag","embeddable":true,"href":"https:\/\/labestiapolitica.com.mx\/index.php?rest_route=%2Fwp%2Fv2%2Ftags&post=25566"}],"curies":[{"name":"wp","href":"https:\/\/api.w.org\/{rel}","templated":true}]}}