{"id":25575,"date":"2024-03-05T14:36:49","date_gmt":"2024-03-05T20:36:49","guid":{"rendered":"https:\/\/labestiapolitica.com.mx\/?p=25575"},"modified":"2024-03-05T14:36:49","modified_gmt":"2024-03-05T20:36:49","slug":"accidente-vehicular-en-tepetitla-de-lardizabal","status":"publish","type":"post","link":"https:\/\/labestiapolitica.com.mx\/?p=25575","title":{"rendered":"Accidente Vehicular en Tepetitla de Lardiz\u00e1bal."},"content":{"rendered":"<p style=\"text-align: justify;\">La tarde del pasado lunes 4 de marzo, la Polic\u00eda del Municipio de Tepetitla de Lardiz\u00e1bal, respondi\u00f3 a un reporte de emergencia que alertaba sobre un grave accidente en la intersecci\u00f3n de la avenida Revoluci\u00f3n y la calle Iturbide. Seg\u00fan el informe recibido, una persona del sexo masculino hab\u00eda sido atropellada por un cami\u00f3n tipo volteo mientras circulaba en bicicleta por la zona.<\/p>\n<p style=\"text-align: justify;\">Al llegar al lugar de los hechos, los oficiales encontraron a un hombre tendido en el pavimento, con signos de una lesi\u00f3n grave en la cabeza que implicaba exposici\u00f3n de masa encef\u00e1lica. Se solicit\u00f3 de inmediato la asistencia de los param\u00e9dicos de la Direcci\u00f3n de Seguridad P\u00fablica de Tepetitla de Lardiz\u00e1bal, quienes confirmaron la ausencia de signos vitales en la v\u00edctima, identificada como Silverio N., oriundo de la cabecera Municipal de Tepetitla de Lardiz\u00e1bal, Tlaxcala.<\/p>\n<p style=\"text-align: justify;\">El Servicio M\u00e9dico Forense, adscrito a la Procuradur\u00eda General de Justicia del Estado de Tlaxcala, realiz\u00f3 las diligencias correspondientes en el lugar del accidente. Se procedi\u00f3 al aseguramiento del conductor del cami\u00f3n involucrado, identificado como Hip\u00f3lito N., originario del municipio de San Mart\u00edn Texmelucan, Puebla. Adem\u00e1s, se incaut\u00f3 el cami\u00f3n tipo volteo de color rojo que fue utilizado en el incidente.<\/p>\n<p style=\"text-align: justify;\">En el proceso de investigaci\u00f3n, se asegur\u00f3 una bicicleta de color negro con verde, tipo monta\u00f1a, la cual era conducida por la v\u00edctima en el momento del accidente. Tanto el conductor del cami\u00f3n como los veh\u00edculos implicados fueron puestos a disposici\u00f3n de la Fiscal\u00eda del Estado por el delito de da\u00f1os y lesiones por culpa, derivado de un accidente de tr\u00e1nsito.<\/p>\n<p style=\"text-align: justify;\">Las autoridades locales contin\u00faan con las investigaciones pertinentes para esclarecer los detalles y determinar las responsabilidades correspondientes en este lamentable suceso.<\/p>\n","protected":false},"excerpt":{"rendered":"<p>La tarde del pasado lunes 4 de marzo, la Polic\u00eda del Municipio de Tepetitla de Lardiz\u00e1bal, respondi\u00f3 a un reporte de emergencia que alertaba sobre un grave accidente en la intersecci\u00f3n de la avenida Revoluci\u00f3n y la calle Iturbide. Seg\u00fan el informe recibido, una persona del sexo masculino hab\u00eda sido atropellada por un cami\u00f3n tipo [&hellip;]<\/p>\n","protected":false},"author":3,"featured_media":25576,"comment_status":"open","ping_status":"open","sticky":false,"template":"","format":"standard","meta":{"footnotes":""},"categories":[12],"tags":[],"class_list":["post-25575","post","type-post","status-publish","format-standard","has-post-thumbnail","hentry","category-brujula-2026"],"amp_enabled":true,"_links":{"self":[{"href":"https:\/\/labestiapolitica.com.mx\/index.php?rest_route=\/wp\/v2\/posts\/25575","targetHints":{"allow":["GET"]}}],"collection":[{"href":"https:\/\/labestiapolitica.com.mx\/index.php?rest_route=\/wp\/v2\/posts"}],"about":[{"href":"https:\/\/labestiapolitica.com.mx\/index.php?rest_route=\/wp\/v2\/types\/post"}],"author":[{"embeddable":true,"href":"https:\/\/labestiapolitica.com.mx\/index.php?rest_route=\/wp\/v2\/users\/3"}],"replies":[{"embeddable":true,"href":"https:\/\/labestiapolitica.com.mx\/index.php?rest_route=%2Fwp%2Fv2%2Fcomments&post=25575"}],"version-history":[{"count":1,"href":"https:\/\/labestiapolitica.com.mx\/index.php?rest_route=\/wp\/v2\/posts\/25575\/revisions"}],"predecessor-version":[{"id":25577,"href":"https:\/\/labestiapolitica.com.mx\/index.php?rest_route=\/wp\/v2\/posts\/25575\/revisions\/25577"}],"wp:featuredmedia":[{"embeddable":true,"href":"https:\/\/labestiapolitica.com.mx\/index.php?rest_route=\/wp\/v2\/media\/25576"}],"wp:attachment":[{"href":"https:\/\/labestiapolitica.com.mx\/index.php?rest_route=%2Fwp%2Fv2%2Fmedia&parent=25575"}],"wp:term":[{"taxonomy":"category","embeddable":true,"href":"https:\/\/labestiapolitica.com.mx\/index.php?rest_route=%2Fwp%2Fv2%2Fcategories&post=25575"},{"taxonomy":"post_tag","embeddable":true,"href":"https:\/\/labestiapolitica.com.mx\/index.php?rest_route=%2Fwp%2Fv2%2Ftags&post=25575"}],"curies":[{"name":"wp","href":"https:\/\/api.w.org\/{rel}","templated":true}]}}