{"id":25592,"date":"2024-03-06T11:11:02","date_gmt":"2024-03-06T17:11:02","guid":{"rendered":"https:\/\/labestiapolitica.com.mx\/?p=25592"},"modified":"2024-03-07T16:46:55","modified_gmt":"2024-03-07T22:46:55","slug":"falta-de-agua-potable-problematica-que-le-externan-a-cambron-en-san-pablo-del-monte","status":"publish","type":"post","link":"https:\/\/labestiapolitica.com.mx\/?p=25592","title":{"rendered":"Falta de agua potable, problem\u00e1tica que le externan a Cambr\u00f3n en San Pablo del Monte"},"content":{"rendered":"<p>Fabiola M\u00c1RQUEZ\/ Tlaxcala\/Durante la mayor parte del recorrido del candidato a la diputaci\u00f3n federal por la coalici\u00f3n PRD-PRI-PAN, Juan Manuel Cambr\u00f3n, por San Isidro Buen Suceso, la poblaci\u00f3n le extern\u00f3 su molestia por la falta de agua en la mayor\u00eda de la localidad.<\/p>\n<p>Habitantes de San Isidro coincidieron en que la falta del vital l\u00edquido lleva ya varios meses, y aunque es cierto que algunas autoridades env\u00edan pipas de agua, estas no son suficientes para cubrir las necesidades de la poblaci\u00f3n.<\/p>\n<p>Cambr\u00f3n pudo constatar c\u00f3mo algunos pobladores deben, en el mejor de los casos, extraer de pozos profundos el agua en cubetas. La situaci\u00f3n es grave, y adem\u00e1s se suma a la falta de m\u00e9dicos en las cl\u00ednicas y por supuesto medicamentos.<\/p>\n<p>La inseguridad creciente es otra de las preocupaciones de los lugare\u00f1os, quienes aseguran como poco a poco han ido perdiendo terreno por las noches de sus calles con las bandas delincuenciales.<\/p>\n<p>El candidato de la Coalici\u00f3n expres\u00f3 su compromiso firme para abordar los problemas cr\u00edticos que aquejan a la comunidad:<\/p>\n<p>Ante una poblaci\u00f3n preocupada por estas cuestiones, el candidato se comprometi\u00f3 a estudiar a fondo el problema de la escasez de agua en la localidad, con el objetivo de encontrar soluciones efectivas y sostenibles que garanticen el acceso a este recurso vital para todos los habitantes.<\/p>\n<p>Adem\u00e1s, Cambr\u00f3n inform\u00f3 a los pobladores una de las probables razones por las que los servicios m\u00e9dicos se han deteriorado tanto, ya que el gobierno del estado decidi\u00f3 \u00a0entregar los servicios m\u00e9dicos a la federaci\u00f3n, as\u00ed como la mayor\u00eda del presupuesto aprobado para el sector salud en el congreso del estado.<\/p>\n<p>\u201cEsta medida, dijo Cambr\u00f3n, claramente no ha funcionado, el estado mal administraba la salud, decidi\u00f3 lavarse las manos y le entreg\u00f3 a la federaci\u00f3n y esta no ha resuelto las necesidades de atenci\u00f3n m\u00e9dica en la comunidad, lo que resalta la urgencia de abordar estos problemas de manera integral y efectiva\u201d<\/p>\n<p>En este sentido, el candidato hizo un llamado a la acci\u00f3n, destacando la necesidad de contar con voces cr\u00edticas y comprometidas en el Congreso de la Uni\u00f3n que impulsen pol\u00edticas p\u00fablicas orientadas a garantizar el bienestar y la dignidad de todos los ciudadanos.<\/p>\n<p>El aspirante a la diputaci\u00f3n federal por el tercer distrito electoral sostuvo una reuni\u00f3n con vecinos del barrio de San Nicol\u00e1s en San Pablo del Monte en d\u00f3nde de nuevo el tema de la inseguridad fue el t\u00f3pico principal, as\u00ed como la falta de compromiso de sus actuales representantes.<\/p>\n<p>\u201cQuejas hay muchas, hay que buscar soluciones, yo les pregunto a todos \u00bfD\u00f3nde est\u00e1n sus representantes, d\u00f3nde est\u00e1 su diputada federal o local, d\u00f3nde? Es claro que es tiempo de cambiar la balanza, los de la transformaci\u00f3n no pudieron con la responsabilidad, yo me comprometo siempre a buscar las mejores opciones de soluci\u00f3n, siempre que est\u00e9 en mis manos trabajaremos en ello.\u201d<\/p>\n<p>El\u00a0 Candidato concluy\u00f3 su jornada del martes con una copiosa reuni\u00f3n con militantes del PAN y su dirigencia Municipal. Reuni\u00f3n en las que ambas partes se comprometieron a trabajar de la mano en el municipio para llevar al triunfo a la coalici\u00f3n , a Cambr\u00f3n al congreso y a X\u00f3chitl G\u00e1lvez a la presidencia.<\/p>\n<p>&nbsp;<\/p>\n<p>&nbsp;<\/p>\n","protected":false},"excerpt":{"rendered":"<p>Fabiola M\u00c1RQUEZ\/ Tlaxcala\/Durante la mayor parte del recorrido del candidato a la diputaci\u00f3n federal por la coalici\u00f3n PRD-PRI-PAN, Juan Manuel Cambr\u00f3n, por San Isidro Buen Suceso, la poblaci\u00f3n le extern\u00f3 su molestia por la falta de agua en la mayor\u00eda de la localidad. Habitantes de San Isidro coincidieron en que la falta del vital l\u00edquido [&hellip;]<\/p>\n","protected":false},"author":3,"featured_media":25593,"comment_status":"open","ping_status":"open","sticky":false,"template":"","format":"standard","meta":{"footnotes":""},"categories":[12],"tags":[],"class_list":["post-25592","post","type-post","status-publish","format-standard","has-post-thumbnail","hentry","category-brujula-2026"],"amp_enabled":true,"_links":{"self":[{"href":"https:\/\/labestiapolitica.com.mx\/index.php?rest_route=\/wp\/v2\/posts\/25592","targetHints":{"allow":["GET"]}}],"collection":[{"href":"https:\/\/labestiapolitica.com.mx\/index.php?rest_route=\/wp\/v2\/posts"}],"about":[{"href":"https:\/\/labestiapolitica.com.mx\/index.php?rest_route=\/wp\/v2\/types\/post"}],"author":[{"embeddable":true,"href":"https:\/\/labestiapolitica.com.mx\/index.php?rest_route=\/wp\/v2\/users\/3"}],"replies":[{"embeddable":true,"href":"https:\/\/labestiapolitica.com.mx\/index.php?rest_route=%2Fwp%2Fv2%2Fcomments&post=25592"}],"version-history":[{"count":1,"href":"https:\/\/labestiapolitica.com.mx\/index.php?rest_route=\/wp\/v2\/posts\/25592\/revisions"}],"predecessor-version":[{"id":25594,"href":"https:\/\/labestiapolitica.com.mx\/index.php?rest_route=\/wp\/v2\/posts\/25592\/revisions\/25594"}],"wp:featuredmedia":[{"embeddable":true,"href":"https:\/\/labestiapolitica.com.mx\/index.php?rest_route=\/wp\/v2\/media\/25593"}],"wp:attachment":[{"href":"https:\/\/labestiapolitica.com.mx\/index.php?rest_route=%2Fwp%2Fv2%2Fmedia&parent=25592"}],"wp:term":[{"taxonomy":"category","embeddable":true,"href":"https:\/\/labestiapolitica.com.mx\/index.php?rest_route=%2Fwp%2Fv2%2Fcategories&post=25592"},{"taxonomy":"post_tag","embeddable":true,"href":"https:\/\/labestiapolitica.com.mx\/index.php?rest_route=%2Fwp%2Fv2%2Ftags&post=25592"}],"curies":[{"name":"wp","href":"https:\/\/api.w.org\/{rel}","templated":true}]}}