{"id":25601,"date":"2024-03-06T12:49:14","date_gmt":"2024-03-06T18:49:14","guid":{"rendered":"https:\/\/labestiapolitica.com.mx\/?p=25601"},"modified":"2024-03-07T16:47:17","modified_gmt":"2024-03-07T22:47:17","slug":"fortalezcamos-la-autosuficiencia-alimentaria-con-mas-apoyo-al-campo-ray-vazquez","status":"publish","type":"post","link":"https:\/\/labestiapolitica.com.mx\/?p=25601","title":{"rendered":"Fortalezcamos la autosuficiencia alimentaria con m\u00e1s apoyo al campo: Ray V\u00e1zquez."},"content":{"rendered":"<p style=\"text-align: justify;\">El candidato a Diputado Federal por el Distrito 02 de la coalici\u00f3n MORENA, PVEM y PT, Ray V\u00e1zquez Conchas, se pronunci\u00f3 a favor de aumentar recursos destinados al campo, y a trav\u00e9s de programas, se fortalezca la autosuficiencia alimentaria de muchos hogares mexicanos.<\/p>\n<p style=\"text-align: justify;\">El campo ha sido uno de los principales ejes de la Cuarta Transformaci\u00f3n, y en Tlaxcala ha sido uno de los estados m\u00e1s beneficiados en el presupuesto al campo.<\/p>\n<p style=\"text-align: justify;\">\u201cComo un hombre que ama el campo, sabemos de la importancia de mantener como prioritarios los programas al campo, que a su vez, nos permita caminar a la autosuficiencia y no depender de materia alimentaria de gobiernos extranjeros\u201d, expres\u00f3.<\/p>\n<p style=\"text-align: justify;\">El candidato de la coalici\u00f3n \u201cSigamos Haciendo Historia\u201d, Ray Conchas, replic\u00f3 las palabras de Andr\u00e9s Manuel L\u00f3pez Obrador, que en Tlaxcala muchas familias trabajan sus tierras, y es all\u00ed, donde se tiene que incentivar la autosuficiencia alimentaria.<\/p>\n<p style=\"text-align: justify;\">Si bien las y los diputados de la 4T han acompa\u00f1ado al presidente AMLO para respaldar sus iniciativas, ahora toca el turno de apoyar a la primera presidenta de M\u00e9xico, Claudia Sheinbaum, para dar continuidad al segundo piso de la cuarta transformaci\u00f3n que inici\u00f3 el mejor presidente que ha tenido la naci\u00f3n, concluy\u00f3.<\/p>\n","protected":false},"excerpt":{"rendered":"<p>El candidato a Diputado Federal por el Distrito 02 de la coalici\u00f3n MORENA, PVEM y PT, Ray V\u00e1zquez Conchas, se pronunci\u00f3 a favor de aumentar recursos destinados al campo, y a trav\u00e9s de programas, se fortalezca la autosuficiencia alimentaria de muchos hogares mexicanos. El campo ha sido uno de los principales ejes de la Cuarta [&hellip;]<\/p>\n","protected":false},"author":3,"featured_media":25602,"comment_status":"open","ping_status":"open","sticky":false,"template":"","format":"standard","meta":{"footnotes":""},"categories":[7],"tags":[],"class_list":["post-25601","post","type-post","status-publish","format-standard","has-post-thumbnail","hentry","category-ciudadanos"],"amp_enabled":true,"_links":{"self":[{"href":"https:\/\/labestiapolitica.com.mx\/index.php?rest_route=\/wp\/v2\/posts\/25601","targetHints":{"allow":["GET"]}}],"collection":[{"href":"https:\/\/labestiapolitica.com.mx\/index.php?rest_route=\/wp\/v2\/posts"}],"about":[{"href":"https:\/\/labestiapolitica.com.mx\/index.php?rest_route=\/wp\/v2\/types\/post"}],"author":[{"embeddable":true,"href":"https:\/\/labestiapolitica.com.mx\/index.php?rest_route=\/wp\/v2\/users\/3"}],"replies":[{"embeddable":true,"href":"https:\/\/labestiapolitica.com.mx\/index.php?rest_route=%2Fwp%2Fv2%2Fcomments&post=25601"}],"version-history":[{"count":1,"href":"https:\/\/labestiapolitica.com.mx\/index.php?rest_route=\/wp\/v2\/posts\/25601\/revisions"}],"predecessor-version":[{"id":25603,"href":"https:\/\/labestiapolitica.com.mx\/index.php?rest_route=\/wp\/v2\/posts\/25601\/revisions\/25603"}],"wp:featuredmedia":[{"embeddable":true,"href":"https:\/\/labestiapolitica.com.mx\/index.php?rest_route=\/wp\/v2\/media\/25602"}],"wp:attachment":[{"href":"https:\/\/labestiapolitica.com.mx\/index.php?rest_route=%2Fwp%2Fv2%2Fmedia&parent=25601"}],"wp:term":[{"taxonomy":"category","embeddable":true,"href":"https:\/\/labestiapolitica.com.mx\/index.php?rest_route=%2Fwp%2Fv2%2Fcategories&post=25601"},{"taxonomy":"post_tag","embeddable":true,"href":"https:\/\/labestiapolitica.com.mx\/index.php?rest_route=%2Fwp%2Fv2%2Ftags&post=25601"}],"curies":[{"name":"wp","href":"https:\/\/api.w.org\/{rel}","templated":true}]}}