{"id":25604,"date":"2024-03-06T15:59:35","date_gmt":"2024-03-06T21:59:35","guid":{"rendered":"https:\/\/labestiapolitica.com.mx\/?p=25604"},"modified":"2024-03-06T16:15:30","modified_gmt":"2024-03-06T22:15:30","slug":"no-solo-es-poner-en-practica-lo-que-se-ha-aprendido-si-no-acompanar-para-poder-complementar-el-trabajo-por-eso-soy-un-observador-de-los-liderazgos-de-quienes-creemos-vamos-a-continuar-con-el-bienest","status":"publish","type":"post","link":"https:\/\/labestiapolitica.com.mx\/?p=25604","title":{"rendered":"Acompa\u00f1ando el camino hacia un futuro mejor: To\u00f1o V\u00e1zquez y su compromiso con la 4T."},"content":{"rendered":"<p>No solo es poner en pr\u00e1ctica lo que se ha aprendido, si no acompa\u00f1ar para poder complementar el trabajo, por eso soy un observador de los liderazgos de quienes creemos vamos a continuar con el bienestar de la 4T: Antonio (To\u00f1o) V\u00e1zquez.<\/p>\n<p>&nbsp;<\/p>\n<p style=\"text-align: justify;\">Una vez que arrancaron las campa\u00f1as para las diputaciones federales, fue un honor para mi encontrarme con un hombre de lucha, tenacidad y trabajo lo identifican al candidato por el DTTO II federal Raymundo V\u00e1zquez Concha, fue ah\u00ed que me sum\u00e9 para acompa\u00f1arlo en la visita del territorio, no s\u00f3lo por convicci\u00f3n sino por decisi\u00f3n de hacer m\u00e1s y mejores cosas de las que se han logrado, es por ello que a nombre m\u00edo y de mi familia, siempre que se vea beneficiado el pueblo y con lo mejor que nos ha dejado nuestro Presidente y de nuestra candidata la Dra. Claudia Sheinbaum Pardo, su amigo To\u00f1o V\u00e1zquez estar\u00e1 para eso y para lo que venga, siempre por el bienestar de todos.<\/p>\n","protected":false},"excerpt":{"rendered":"<p>No solo es poner en pr\u00e1ctica lo que se ha aprendido, si no acompa\u00f1ar para poder complementar el trabajo, por eso soy un observador de los liderazgos de quienes creemos vamos a continuar con el bienestar de la 4T: Antonio (To\u00f1o) V\u00e1zquez. &nbsp; Una vez que arrancaron las campa\u00f1as para las diputaciones federales, fue un [&hellip;]<\/p>\n","protected":false},"author":3,"featured_media":25605,"comment_status":"open","ping_status":"open","sticky":false,"template":"","format":"standard","meta":{"footnotes":""},"categories":[7],"tags":[],"class_list":["post-25604","post","type-post","status-publish","format-standard","has-post-thumbnail","hentry","category-ciudadanos"],"amp_enabled":true,"_links":{"self":[{"href":"https:\/\/labestiapolitica.com.mx\/index.php?rest_route=\/wp\/v2\/posts\/25604","targetHints":{"allow":["GET"]}}],"collection":[{"href":"https:\/\/labestiapolitica.com.mx\/index.php?rest_route=\/wp\/v2\/posts"}],"about":[{"href":"https:\/\/labestiapolitica.com.mx\/index.php?rest_route=\/wp\/v2\/types\/post"}],"author":[{"embeddable":true,"href":"https:\/\/labestiapolitica.com.mx\/index.php?rest_route=\/wp\/v2\/users\/3"}],"replies":[{"embeddable":true,"href":"https:\/\/labestiapolitica.com.mx\/index.php?rest_route=%2Fwp%2Fv2%2Fcomments&post=25604"}],"version-history":[{"count":3,"href":"https:\/\/labestiapolitica.com.mx\/index.php?rest_route=\/wp\/v2\/posts\/25604\/revisions"}],"predecessor-version":[{"id":25608,"href":"https:\/\/labestiapolitica.com.mx\/index.php?rest_route=\/wp\/v2\/posts\/25604\/revisions\/25608"}],"wp:featuredmedia":[{"embeddable":true,"href":"https:\/\/labestiapolitica.com.mx\/index.php?rest_route=\/wp\/v2\/media\/25605"}],"wp:attachment":[{"href":"https:\/\/labestiapolitica.com.mx\/index.php?rest_route=%2Fwp%2Fv2%2Fmedia&parent=25604"}],"wp:term":[{"taxonomy":"category","embeddable":true,"href":"https:\/\/labestiapolitica.com.mx\/index.php?rest_route=%2Fwp%2Fv2%2Fcategories&post=25604"},{"taxonomy":"post_tag","embeddable":true,"href":"https:\/\/labestiapolitica.com.mx\/index.php?rest_route=%2Fwp%2Fv2%2Ftags&post=25604"}],"curies":[{"name":"wp","href":"https:\/\/api.w.org\/{rel}","templated":true}]}}