{"id":25609,"date":"2024-03-06T16:05:51","date_gmt":"2024-03-06T22:05:51","guid":{"rendered":"https:\/\/labestiapolitica.com.mx\/?p=25609"},"modified":"2024-03-06T16:15:33","modified_gmt":"2024-03-06T22:15:33","slug":"necesario-promover-la-conservacion-ambiental-y-reactivar-la-produccion-de-pulque-rodrigo-cuahutle","status":"publish","type":"post","link":"https:\/\/labestiapolitica.com.mx\/?p=25609","title":{"rendered":"\u00abNecesario promover la conservaci\u00f3n ambiental y reactivar la producci\u00f3n de pulque\u00bb: Rodrigo Cuahutle."},"content":{"rendered":"<p style=\"text-align: justify;\">En una reuni\u00f3n con productores y vecinos de Nanacamilpa, Rodrigo Cuahutle, aspirante al Senado por el Partido del Trabajo (PT) en Tlaxcala, resalt\u00f3 la necesidad de promover la conservaci\u00f3n ambiental y reactivar la producci\u00f3n de pulque.<\/p>\n<p style=\"text-align: justify;\">Cuahutle tambi\u00e9n enfatiz\u00f3 la urgencia de llevar a cabo acciones espec\u00edficas, como la reforestaci\u00f3n del bosque de La Malinche y la recarga de mantos acu\u00edferos, para contrarrestar los da\u00f1os ambientales en el estado.<\/p>\n<p style=\"text-align: justify;\">El abanderado del partido de la estrella, segur\u00f3 que, en el Senado, impulsar\u00e1 medidas efectivas contra el cambio clim\u00e1tico y respaldar\u00e1 iniciativas en pro del medio ambiente.<\/p>\n<p style=\"text-align: justify;\">La comunidad de Nanacamilpa respald\u00f3 las propuestas del candidato del pueblo, a quien consider\u00f3 un hombre que verdaderamente pugnar\u00e1 por legislar desde el Senado en favor de su gente.<\/p>\n","protected":false},"excerpt":{"rendered":"<p>En una reuni\u00f3n con productores y vecinos de Nanacamilpa, Rodrigo Cuahutle, aspirante al Senado por el Partido del Trabajo (PT) en Tlaxcala, resalt\u00f3 la necesidad de promover la conservaci\u00f3n ambiental y reactivar la producci\u00f3n de pulque. Cuahutle tambi\u00e9n enfatiz\u00f3 la urgencia de llevar a cabo acciones espec\u00edficas, como la reforestaci\u00f3n del bosque de La Malinche [&hellip;]<\/p>\n","protected":false},"author":3,"featured_media":25610,"comment_status":"open","ping_status":"open","sticky":false,"template":"","format":"standard","meta":{"footnotes":""},"categories":[7],"tags":[],"class_list":["post-25609","post","type-post","status-publish","format-standard","has-post-thumbnail","hentry","category-ciudadanos"],"amp_enabled":true,"_links":{"self":[{"href":"https:\/\/labestiapolitica.com.mx\/index.php?rest_route=\/wp\/v2\/posts\/25609","targetHints":{"allow":["GET"]}}],"collection":[{"href":"https:\/\/labestiapolitica.com.mx\/index.php?rest_route=\/wp\/v2\/posts"}],"about":[{"href":"https:\/\/labestiapolitica.com.mx\/index.php?rest_route=\/wp\/v2\/types\/post"}],"author":[{"embeddable":true,"href":"https:\/\/labestiapolitica.com.mx\/index.php?rest_route=\/wp\/v2\/users\/3"}],"replies":[{"embeddable":true,"href":"https:\/\/labestiapolitica.com.mx\/index.php?rest_route=%2Fwp%2Fv2%2Fcomments&post=25609"}],"version-history":[{"count":1,"href":"https:\/\/labestiapolitica.com.mx\/index.php?rest_route=\/wp\/v2\/posts\/25609\/revisions"}],"predecessor-version":[{"id":25611,"href":"https:\/\/labestiapolitica.com.mx\/index.php?rest_route=\/wp\/v2\/posts\/25609\/revisions\/25611"}],"wp:featuredmedia":[{"embeddable":true,"href":"https:\/\/labestiapolitica.com.mx\/index.php?rest_route=\/wp\/v2\/media\/25610"}],"wp:attachment":[{"href":"https:\/\/labestiapolitica.com.mx\/index.php?rest_route=%2Fwp%2Fv2%2Fmedia&parent=25609"}],"wp:term":[{"taxonomy":"category","embeddable":true,"href":"https:\/\/labestiapolitica.com.mx\/index.php?rest_route=%2Fwp%2Fv2%2Fcategories&post=25609"},{"taxonomy":"post_tag","embeddable":true,"href":"https:\/\/labestiapolitica.com.mx\/index.php?rest_route=%2Fwp%2Fv2%2Ftags&post=25609"}],"curies":[{"name":"wp","href":"https:\/\/api.w.org\/{rel}","templated":true}]}}