{"id":25627,"date":"2024-03-07T14:39:51","date_gmt":"2024-03-07T20:39:51","guid":{"rendered":"https:\/\/labestiapolitica.com.mx\/?p=25627"},"modified":"2024-03-11T15:57:32","modified_gmt":"2024-03-11T21:57:32","slug":"llama-pepe-temoltzin-a-la-paz-en-la-marcha-del-8m","status":"publish","type":"post","link":"https:\/\/labestiapolitica.com.mx\/?p=25627","title":{"rendered":"Llama Pepe Temoltzin a la Paz en la Marcha del 8M."},"content":{"rendered":"<p style=\"text-align: justify;\">Durante la sesi\u00f3n ordinaria del Congreso del Estado, esta ma\u00f1ana, el diputado local Pepe Temoltzin hizo un llamado a las autoridades y a la comunidad para que la marcha conmemorativa del D\u00eda Internacional de la Mujer, el 8 de marzo, transcurra en un ambiente de tranquilidad y respeto, evitando cualquier tipo de enfrentamiento.<\/p>\n<p style=\"text-align: justify;\">Temoltzin Mart\u00ednez subray\u00f3 la importancia crucial de abordar la descomposici\u00f3n social, resaltando la educaci\u00f3n y el imperio de la ley como bases fundamentales para construir una sociedad m\u00e1s justa y equitativa. En este sentido, hizo hincapi\u00e9 en la necesidad de inculcar desde la infancia el valor del respeto a los derechos humanos como parte integral de la formaci\u00f3n ciudadana.<\/p>\n<p style=\"text-align: justify;\">\u00abEn medio de la descomposici\u00f3n social, es esencial promover un ambiente de respeto mutuo. La marcha del 8 de marzo debe servir como un espacio de unidad y reflexi\u00f3n, permiti\u00e9ndonos avanzar hacia la igualdad de g\u00e9nero sin caer en la confrontaci\u00f3n\u00bb, expres\u00f3 Temoltzin Mart\u00ednez.<\/p>\n<p style=\"text-align: justify;\">En su intervenci\u00f3n, el legislador tambi\u00e9n destac\u00f3 la importancia del estado de derecho y abog\u00f3 por la inclusi\u00f3n de temas de educaci\u00f3n y civismo en el modelo educativo, reconociendo la necesidad de fortalecer estos valores en los hogares.<\/p>\n<p style=\"text-align: justify;\">Pepe Temoltzin ha enfatizado reiteradamente la importancia de aplicar las leyes de manera equitativa para todos y aboga por la colaboraci\u00f3n entre los distintos niveles de gobierno, las instituciones educativas y las familias para educar a las nuevas generaciones desde temprana edad en el respeto por los derechos humanos.<\/p>\n<p style=\"text-align: justify;\">Finalmente, el diputado Pepe Temoltzin celebr\u00f3 la aprobaci\u00f3n de la reforma a la Ley de educaci\u00f3n para el Estado de Tlaxcala; a la Ley de Cultura F\u00edsica y Deporte para el Estado de Tlaxcala y de la Ley Municipal del Estado de Tlaxcala presentada por las comisiones unidas de educaci\u00f3n, cultura, ciencia y tecnolog\u00eda y la de puntos constitucionales, gobernaci\u00f3n y justicia y asuntos pol\u00edticos.<\/p>\n","protected":false},"excerpt":{"rendered":"<p>Durante la sesi\u00f3n ordinaria del Congreso del Estado, esta ma\u00f1ana, el diputado local Pepe Temoltzin hizo un llamado a las autoridades y a la comunidad para que la marcha conmemorativa del D\u00eda Internacional de la Mujer, el 8 de marzo, transcurra en un ambiente de tranquilidad y respeto, evitando cualquier tipo de enfrentamiento. Temoltzin Mart\u00ednez [&hellip;]<\/p>\n","protected":false},"author":3,"featured_media":25628,"comment_status":"open","ping_status":"open","sticky":false,"template":"","format":"standard","meta":{"footnotes":""},"categories":[7],"tags":[],"class_list":["post-25627","post","type-post","status-publish","format-standard","has-post-thumbnail","hentry","category-ciudadanos"],"amp_enabled":true,"_links":{"self":[{"href":"https:\/\/labestiapolitica.com.mx\/index.php?rest_route=\/wp\/v2\/posts\/25627","targetHints":{"allow":["GET"]}}],"collection":[{"href":"https:\/\/labestiapolitica.com.mx\/index.php?rest_route=\/wp\/v2\/posts"}],"about":[{"href":"https:\/\/labestiapolitica.com.mx\/index.php?rest_route=\/wp\/v2\/types\/post"}],"author":[{"embeddable":true,"href":"https:\/\/labestiapolitica.com.mx\/index.php?rest_route=\/wp\/v2\/users\/3"}],"replies":[{"embeddable":true,"href":"https:\/\/labestiapolitica.com.mx\/index.php?rest_route=%2Fwp%2Fv2%2Fcomments&post=25627"}],"version-history":[{"count":1,"href":"https:\/\/labestiapolitica.com.mx\/index.php?rest_route=\/wp\/v2\/posts\/25627\/revisions"}],"predecessor-version":[{"id":25629,"href":"https:\/\/labestiapolitica.com.mx\/index.php?rest_route=\/wp\/v2\/posts\/25627\/revisions\/25629"}],"wp:featuredmedia":[{"embeddable":true,"href":"https:\/\/labestiapolitica.com.mx\/index.php?rest_route=\/wp\/v2\/media\/25628"}],"wp:attachment":[{"href":"https:\/\/labestiapolitica.com.mx\/index.php?rest_route=%2Fwp%2Fv2%2Fmedia&parent=25627"}],"wp:term":[{"taxonomy":"category","embeddable":true,"href":"https:\/\/labestiapolitica.com.mx\/index.php?rest_route=%2Fwp%2Fv2%2Fcategories&post=25627"},{"taxonomy":"post_tag","embeddable":true,"href":"https:\/\/labestiapolitica.com.mx\/index.php?rest_route=%2Fwp%2Fv2%2Ftags&post=25627"}],"curies":[{"name":"wp","href":"https:\/\/api.w.org\/{rel}","templated":true}]}}