{"id":25630,"date":"2024-03-07T14:49:04","date_gmt":"2024-03-07T20:49:04","guid":{"rendered":"https:\/\/labestiapolitica.com.mx\/?p=25630"},"modified":"2024-03-07T14:49:04","modified_gmt":"2024-03-07T20:49:04","slug":"cambron-promete-compromiso-y-trabajo-en-tlaxcala","status":"publish","type":"post","link":"https:\/\/labestiapolitica.com.mx\/?p=25630","title":{"rendered":"Cambr\u00f3n promete compromiso y trabajo en Tlaxcala."},"content":{"rendered":"<p style=\"text-align: justify;\">El Candidato de la coalici\u00f3n fuerza y coraz\u00f3n por M\u00e9xico, Juan Manuel Cambr\u00f3n, regres\u00f3 a las calles de Zacatelco, esta vez recorri\u00f3 las secciones primera y segunda del municipio conocido como el coraz\u00f3n del sur.<\/p>\n<p style=\"text-align: justify;\">El aspirante a diputado federal por el tercer distrito, solicit\u00f3 la confianza y el voto de los habitantes para llegar al congreso de la uni\u00f3n sin hacer promesas imposibles, solo con la evidencia de su trabajo realizado como diputado local, el cual da muestra de su compromiso y honestidad con el pueblo de Tlaxcala.<\/p>\n<p style=\"text-align: justify;\">Cambr\u00f3n esta vez estuvo acompa\u00f1ado por la Red BAL de la diputada Blanca \u00c1guila, quienes con gran entusiasmo apoyaron al candidato llevando su mensaje a la mayor cantidad posible de vecinos de la localidad.<\/p>\n<p style=\"text-align: justify;\">El perredista escuch\u00f3 con atenci\u00f3n las peticiones y hasta quejas de algunos pobladores, quienes prometieron apoyarle el pr\u00f3ximo 2 de junio esperando que en verdad sea diferente a sus actuales representantes, que luego de recibir el voto jam\u00e1s regresaron y mucho menos apoyaron a la poblaci\u00f3n con sus demandas.<\/p>\n<p style=\"text-align: justify;\">\u201cEn la mayor\u00eda de los casos, la gente nos est\u00e1 dando su confianza, nos est\u00e1n dando la apertura, pienso que estamos transmitiendo un buen mensaje y eso nos estimula a llevar a este proyecto a buen puerto. Y precisamente eso nos est\u00e1 obligando a que, ganando, tenemos que hacer un gran trabajo, tenemos que cumplir porque la gente est\u00e1 decepcionada, tenemos esa gran tarea. Espero no equivocarme, pero creo que esta es una de las \u00faltimas oportunidades que tenemos para demostrar que podemos hacer las cosas diferentes, y que podemos dar resultados para cambiar el rumbo de nuestro pa\u00eds y de nuestro estado, Tenemos que cumplir con lo que nos estamos comprometiendo a hacer\u201d.<\/p>\n<p style=\"text-align: justify;\">Cambr\u00f3n reconoci\u00f3 que la campa\u00f1a es a\u00fan muy joven como para hacer un balance, pero considera que las cosas van bien, pero dijo que no pueden bajar el ritmo, por el contrario, consider\u00f3 que es fundamental seguir caminando, present\u00e1ndose con toda la poblaci\u00f3n posible del tercer distrito para demostrarles que si hay pol\u00edticos congruentes, que si hay pol\u00edticos comprometidos con la gente y dispuestos a trabajar con ah\u00ednco en su beneficio, as\u00ed como la de ser su voz en la m\u00e1xima tribuna de la naci\u00f3n.<\/p>\n","protected":false},"excerpt":{"rendered":"<p>El Candidato de la coalici\u00f3n fuerza y coraz\u00f3n por M\u00e9xico, Juan Manuel Cambr\u00f3n, regres\u00f3 a las calles de Zacatelco, esta vez recorri\u00f3 las secciones primera y segunda del municipio conocido como el coraz\u00f3n del sur. El aspirante a diputado federal por el tercer distrito, solicit\u00f3 la confianza y el voto de los habitantes para llegar [&hellip;]<\/p>\n","protected":false},"author":3,"featured_media":25631,"comment_status":"open","ping_status":"open","sticky":false,"template":"","format":"standard","meta":{"footnotes":""},"categories":[7],"tags":[],"class_list":["post-25630","post","type-post","status-publish","format-standard","has-post-thumbnail","hentry","category-ciudadanos"],"amp_enabled":true,"_links":{"self":[{"href":"https:\/\/labestiapolitica.com.mx\/index.php?rest_route=\/wp\/v2\/posts\/25630","targetHints":{"allow":["GET"]}}],"collection":[{"href":"https:\/\/labestiapolitica.com.mx\/index.php?rest_route=\/wp\/v2\/posts"}],"about":[{"href":"https:\/\/labestiapolitica.com.mx\/index.php?rest_route=\/wp\/v2\/types\/post"}],"author":[{"embeddable":true,"href":"https:\/\/labestiapolitica.com.mx\/index.php?rest_route=\/wp\/v2\/users\/3"}],"replies":[{"embeddable":true,"href":"https:\/\/labestiapolitica.com.mx\/index.php?rest_route=%2Fwp%2Fv2%2Fcomments&post=25630"}],"version-history":[{"count":1,"href":"https:\/\/labestiapolitica.com.mx\/index.php?rest_route=\/wp\/v2\/posts\/25630\/revisions"}],"predecessor-version":[{"id":25632,"href":"https:\/\/labestiapolitica.com.mx\/index.php?rest_route=\/wp\/v2\/posts\/25630\/revisions\/25632"}],"wp:featuredmedia":[{"embeddable":true,"href":"https:\/\/labestiapolitica.com.mx\/index.php?rest_route=\/wp\/v2\/media\/25631"}],"wp:attachment":[{"href":"https:\/\/labestiapolitica.com.mx\/index.php?rest_route=%2Fwp%2Fv2%2Fmedia&parent=25630"}],"wp:term":[{"taxonomy":"category","embeddable":true,"href":"https:\/\/labestiapolitica.com.mx\/index.php?rest_route=%2Fwp%2Fv2%2Fcategories&post=25630"},{"taxonomy":"post_tag","embeddable":true,"href":"https:\/\/labestiapolitica.com.mx\/index.php?rest_route=%2Fwp%2Fv2%2Ftags&post=25630"}],"curies":[{"name":"wp","href":"https:\/\/api.w.org\/{rel}","templated":true}]}}