{"id":25644,"date":"2024-03-08T10:30:14","date_gmt":"2024-03-08T16:30:14","guid":{"rendered":"https:\/\/labestiapolitica.com.mx\/?p=25644"},"modified":"2024-03-11T15:57:11","modified_gmt":"2024-03-11T21:57:11","slug":"rompe-pt-alianza-con-morena-para-diputados-locales-en-tlaxcala","status":"publish","type":"post","link":"https:\/\/labestiapolitica.com.mx\/?p=25644","title":{"rendered":"Rompe PT alianza con Morena para diputados locales en Tlaxcala; van solos"},"content":{"rendered":"<p style=\"text-align: justify;\">El dirigente estatal de Morena, Carlos Augusto P\u00e9rez Hern\u00e1ndez descart\u00f3 fracturas con el PT, y expres\u00f3 que solo decidieron caminar solos.<\/p>\n<p style=\"text-align: justify;\">Fabiola M\u00c1RQUEZ\/ Tlaxcala\/ Pese a que hace unos d\u00edas presentaron de forma conjunta la candidatura com\u00fan en 11 de los distritos para diputaciones locales, este d\u00eda el Partido del Trabajo rompi\u00f3 la alianza con Morena e ir\u00e1n solos en las 15 diputaciones locales.<\/p>\n<p style=\"text-align: justify;\">Hasta el momento no hay una postura oficial del partido de la estrella roja sobre la decisi\u00f3n de ir solos, sin embargo, trascendi\u00f3 que la ruptura se dio por la imposici\u00f3n de candidatos afines al grupo de la gobernad0ra Lorena Cu\u00e9llar, y no al PT.<\/p>\n<p>No es la primera vez que se habla que no hay una buena relaci\u00f3n entre el Lorenismo y quienes controlan el PT, pues inclusive en el gabinete estatal no hay en puestos de primer nivel ocupados por petistas.<\/p>\n<p>Recordar que Morena, PT, PVEM, Nueva Alianza, Redes Sociales Progresistas y Fuerza por M\u00e9xico acordaron ir en candidaturas comunes en once de quince distritos locales, para lo cual convocaron el pasado lunes a una conferencia de prensa, la cual por cierto gener\u00f3 la molestia de reporteros por la falta de datos sobre quienes ser\u00edan las candidatos. Luego se conoci\u00f3 que la tardanza para dar los nombres es que las negociaciones para nombrar aspirantes en los distritos que le tocaban al PT estaban estancadas, que eran el distrito 11 con cabecera en Huamantla y el 13 con residencia en Zacatelco.<\/p>\n<div><\/div>\n<p style=\"text-align: justify;\">Por su parte, el dirigente estatal de Morena, Carlos Augusto P\u00e9rez descart\u00f3 una ruptura con el PT y la familia Garay, pues justific\u00f3 que en lo local ir\u00e1n solos y en lo\u00a0 federal seguir\u00e1n trabajando juntos. \u00abNo hay divisi\u00f3n, estamos m\u00e1s unidos que nunca\u00bb.<\/p>\n<p>Adem\u00e1s, rechaz\u00f3 que este partido se haya salido de la alianza por la supuesta imposici\u00f3n de candidatos afines a la gobernadora Lorena Cu\u00e9llar<\/p>\n<p>&nbsp;<\/p>\n","protected":false},"excerpt":{"rendered":"<p>El dirigente estatal de Morena, Carlos Augusto P\u00e9rez Hern\u00e1ndez descart\u00f3 fracturas con el PT, y expres\u00f3 que solo decidieron caminar solos. Fabiola M\u00c1RQUEZ\/ Tlaxcala\/ Pese a que hace unos d\u00edas presentaron de forma conjunta la candidatura com\u00fan en 11 de los distritos para diputaciones locales, este d\u00eda el Partido del Trabajo rompi\u00f3 la alianza con [&hellip;]<\/p>\n","protected":false},"author":3,"featured_media":25533,"comment_status":"open","ping_status":"open","sticky":false,"template":"","format":"standard","meta":{"footnotes":""},"categories":[12],"tags":[],"class_list":["post-25644","post","type-post","status-publish","format-standard","has-post-thumbnail","hentry","category-brujula-2026"],"amp_enabled":true,"_links":{"self":[{"href":"https:\/\/labestiapolitica.com.mx\/index.php?rest_route=\/wp\/v2\/posts\/25644","targetHints":{"allow":["GET"]}}],"collection":[{"href":"https:\/\/labestiapolitica.com.mx\/index.php?rest_route=\/wp\/v2\/posts"}],"about":[{"href":"https:\/\/labestiapolitica.com.mx\/index.php?rest_route=\/wp\/v2\/types\/post"}],"author":[{"embeddable":true,"href":"https:\/\/labestiapolitica.com.mx\/index.php?rest_route=\/wp\/v2\/users\/3"}],"replies":[{"embeddable":true,"href":"https:\/\/labestiapolitica.com.mx\/index.php?rest_route=%2Fwp%2Fv2%2Fcomments&post=25644"}],"version-history":[{"count":2,"href":"https:\/\/labestiapolitica.com.mx\/index.php?rest_route=\/wp\/v2\/posts\/25644\/revisions"}],"predecessor-version":[{"id":25646,"href":"https:\/\/labestiapolitica.com.mx\/index.php?rest_route=\/wp\/v2\/posts\/25644\/revisions\/25646"}],"wp:featuredmedia":[{"embeddable":true,"href":"https:\/\/labestiapolitica.com.mx\/index.php?rest_route=\/wp\/v2\/media\/25533"}],"wp:attachment":[{"href":"https:\/\/labestiapolitica.com.mx\/index.php?rest_route=%2Fwp%2Fv2%2Fmedia&parent=25644"}],"wp:term":[{"taxonomy":"category","embeddable":true,"href":"https:\/\/labestiapolitica.com.mx\/index.php?rest_route=%2Fwp%2Fv2%2Fcategories&post=25644"},{"taxonomy":"post_tag","embeddable":true,"href":"https:\/\/labestiapolitica.com.mx\/index.php?rest_route=%2Fwp%2Fv2%2Ftags&post=25644"}],"curies":[{"name":"wp","href":"https:\/\/api.w.org\/{rel}","templated":true}]}}