{"id":25657,"date":"2024-03-11T16:36:58","date_gmt":"2024-03-11T22:36:58","guid":{"rendered":"https:\/\/labestiapolitica.com.mx\/?p=25657"},"modified":"2024-03-14T11:52:18","modified_gmt":"2024-03-14T17:52:18","slug":"recula-zambombazo-morenista-que-ofrecio-su-amor-al-pan-pri-en-tlaxcala","status":"publish","type":"post","link":"https:\/\/labestiapolitica.com.mx\/?p=25657","title":{"rendered":"Recula zambombazo morenista que ofreci\u00f3 su amor al PAN-PRI en Tlaxcala"},"content":{"rendered":"<p style=\"text-align: justify;\">Acusa Juan Manuel Lemus P\u00e9rez que la dirigente del PAN, Miriam Mart\u00ednez false\u00f3 informaci\u00f3n de su apoyo a la alianza del PAN-PRI en el distrito local a diputaci\u00f3n local y la alcald\u00eda de Totolac.\u00a0 \u00abCon una fotograf\u00eda de archivo tratan de confundir a la ciudadan\u00eda\u00bb, expres\u00f3.<\/p>\n<p style=\"text-align: justify;\">La dirigente estatal lament\u00f3 que el morenista no tenga la capacidad de sostener sus acuerdos, y que no aguante las presiones pol\u00edticas de su partido, o de quien de verdad manda en\u00a0 Morena.\u00a0 \u00abNi nos reunimos en diciembre, ni le hicimos una propuesta pol\u00edtica, nos reunimos en marzo como citan los metadatos de la fotograf\u00eda y en el municipio de Totolac\u00bb.<\/p>\n<p style=\"text-align: justify;\">Fabiola M\u00c1RQUEZ\/ Tlaxcala\/ Luego que la dirigente del PAN Tlaxcala, Miriam Mart\u00ednez public\u00f3 este domingo la adhesi\u00f3n del aspirante morenista a diputado local. y uno de los operadores pol\u00edticos de la gobernadora Lorena Cu\u00e9llar, Juan Manuel Lemus P\u00e9rez, a la campa\u00f1a de la coalici\u00f3n PAN-PRI en el distrito local a la diputaci\u00f3n local y el ayuntamiento de Totolac como es\u00a0 Mary Cruz M\u00e9ndez y Jonathan S\u00e1nchez Ju\u00e1rez,\u00a0 este lunes Lemus P\u00e9rez desminti\u00f3 la publicaci\u00f3n de la panista y asegur\u00f3 que el sigue siendo fiel al Partido del Movimiento de Regeneraci\u00f3n Nacional. (Morena).<\/p>\n<p style=\"text-align: justify;\">Tras ello, Miriam Mart\u00ednez afirm\u00f3 que \u00abEn Acci\u00f3n Nacional Tlaxcala tenemos palabra y la respetamos pese a cualquier amenaza o presi\u00f3n pol\u00edtica, lamento que un pol\u00edtico de experiencia como Juan Manuel Lemus no tenga la capacidad de sostener sus acuerdos.\u00a0Nosotros no necesitamos de acuerdos en lo \u201coscurito\u201d, nosotros acordamos a la luz del d\u00eda pero m\u00e1s que acuerdos, son compromisos de sacar adelante a nuestro estado, a sus distritos y a sus municipios\u00bb.<\/p>\n<p style=\"text-align: justify;\">Prosigui\u00f3, \u00abNi nos reunimos en diciembre, ni le hicimos una propuesta pol\u00edtica, nos reunimos en marzo como cita los meta datos de la fotograf\u00eda y en el municipio de Totolac. Entendemos la presi\u00f3n que viven quienes han servido al Gobierno Lorenista y ahora se han quedado sin representaci\u00f3n, y que pese a ello, siguen siendo dominados, amenazados y obligados a mantenerse en un proyecto que sin duda no tiene mayor futuro. Aqu\u00ed en Acci\u00f3n Nacional hacemos pol\u00edtica de altura y de convicciones, pues hoy estamos m\u00e1s convencidos que nunca, de que necesitamos de mujeres y hombres que luchen por sus ideales, por el bien com\u00fan y sobre todo por Tlaxcala y sus familias\u00bb, escribi\u00f3 en un comunicado enviado la tarde de este d\u00eda a la redacci\u00f3n de los medios de comunicaci\u00f3n.<\/p>\n<p style=\"text-align: justify;\">Por la ma\u00f1ana y horas despu\u00e9s, pese a que la panista lo subi\u00f3 a sus redes desde la ma\u00f1ana del domingo, Lemus P\u00e9rez lo desminti\u00f3 a trav\u00e9s de una nota este lunes 11 de marzo del 2024 a trav\u00e9s del texto siguiente.<\/p>\n<p style=\"text-align: justify;\">Acus\u00f3 que la dirigente del PAN, Miriam Mart\u00ednez false\u00f3 informaci\u00f3n de su apoyo a la alianza del PAN-PRI en el distrito local a la diputaci\u00f3n local y la alcald\u00eda de Totolac. \u00abCon una fotograf\u00eda de archivo tratan de confundir a la ciudadan\u00eda\u00bb, expres\u00f3.<\/p>\n<p style=\"text-align: justify;\">\u00abA los estimados medios de comunicaci\u00f3n, la sociedad en su conjunto y, especialmente, a mis apreciados compa\u00f1eros del movimiento de Regeneraci\u00f3n Nacional:<\/p>\n<div class=\"x11i5rnm xat24cr x1mh8g0r x1vvkbs xtlvy1s x126k92a\" style=\"text-align: justify;\">\n<div dir=\"auto\">Quiero dirigirme a ustedes a ra\u00edz de un acontecimiento reciente que tuvo lugar la tarde del domingo 10 de marzo de 2024, cuando se public\u00f3 en el perfil de Facebook de la licenciada Miriam Mart\u00ednez S\u00e1nchez, Presidenta del Partido Acci\u00f3n Nacional (PAN), un mensaje que reza: \u00abMientras los de enfrente privilegian la divisi\u00f3n, nosotros apostamos por la suma de voluntades y trabajo. \u00a1Bienvenido Contador Juan Manuel Lemus! Estamos convencidos de que, con su experiencia y estructura, los distritos y municipios se fortalecer\u00e1n, de la mano de perfiles j\u00f3venes y competitivos como Mary Cruz M\u00e9ndez y Jonathan S\u00e1nchez Ju\u00e1rez. \u00a1Enhorabuena!\u00bb<\/div>\n<\/div>\n<div class=\"x11i5rnm xat24cr x1mh8g0r x1vvkbs xtlvy1s x126k92a\" style=\"text-align: justify;\">\n<div dir=\"auto\"><\/div>\n<div dir=\"auto\">Mediante este comunicado, aclaro que lo escrito por la licenciada Miriam Mart\u00ednez S\u00e1nchez, esta fuera de contexto y que mantengo una posici\u00f3n inalterable, que va en l\u00ednea con mis ideales y principios, los cuales distan mucho de los principios \u00e9ticos y morales que enarbola Acci\u00f3n Nacional. Me es imperativo aclarar que la publicaci\u00f3n realizada en el perfil previamente mencionado, carece de veracidad y contiene aseveraciones completamente alejadas de la realidad y con una \u201cfotograf\u00eda de archivo\u201d tratan de confundir a la ciudadan\u00eda.<\/div>\n<\/div>\n<div class=\"x11i5rnm xat24cr x1mh8g0r x1vvkbs xtlvy1s x126k92a\" style=\"text-align: justify;\">\n<div dir=\"auto\"><\/div>\n<div dir=\"auto\">Es esencial subrayar que, en el mes de diciembre del a\u00f1o anterior, recib\u00ed una oferta por parte del Partido Acci\u00f3n Nacional (PAN) para sumarme a su proyecto, por la cual expres\u00e9 mi rechazo y sincero agradecimiento. Sin embargo, dej\u00e9 en claro que mis convicciones pol\u00edticas y sociales no se alinean en absoluto con la agenda promovida por el PAN en ning\u00fan \u00e1mbito.<\/div>\n<\/div>\n<div class=\"x11i5rnm xat24cr x1mh8g0r x1vvkbs xtlvy1s x126k92a\" style=\"text-align: justify;\">\n<div dir=\"auto\"><\/div>\n<div dir=\"auto\">Por tanto, reafirmo que mi postura sigue siendo la de continuar impulsando y fomentando la transformaci\u00f3n junto a millones de mexicanos que comparten la convicci\u00f3n de que la Cuarta Transformaci\u00f3n (4T) constituye la v\u00eda para abordar los graves problemas que aquejan a M\u00e9xico, donde los m\u00e1s vulnerables ocupan un lugar prioritario.<\/div>\n<\/div>\n<div class=\"x11i5rnm xat24cr x1mh8g0r x1vvkbs xtlvy1s x126k92a\" style=\"text-align: justify;\">\n<div dir=\"auto\"><\/div>\n<div dir=\"auto\">En virtud de ello, insto con firmeza a la presidenta del PAN a abstenerse de difundir informaci\u00f3n err\u00f3nea respecto a mi postura pol\u00edtica partidista. Mi lealtad y compromiso se mantienen inquebrantables hacia el movimiento que encarna el cambio positivo y la esperanza para millones de mexicanos y para nuestra naci\u00f3n en su conjunto.<\/div>\n<\/div>\n<div class=\"x11i5rnm xat24cr x1mh8g0r x1vvkbs xtlvy1s x126k92a\" style=\"text-align: justify;\">\n<div dir=\"auto\">Mi convicci\u00f3n pol\u00edtica es seguir participando en el partido que milito.<\/div>\n<\/div>\n<div class=\"x11i5rnm xat24cr x1mh8g0r x1vvkbs xtlvy1s x126k92a\">\n<div dir=\"auto\" style=\"text-align: justify;\">Muchas Gracias\u00bb, escribi\u00f3.<\/div>\n<\/div>\n","protected":false},"excerpt":{"rendered":"<p>Acusa Juan Manuel Lemus P\u00e9rez que la dirigente del PAN, Miriam Mart\u00ednez false\u00f3 informaci\u00f3n de su apoyo a la alianza del PAN-PRI en el distrito local a diputaci\u00f3n local y la alcald\u00eda de Totolac.\u00a0 \u00abCon una fotograf\u00eda de archivo tratan de confundir a la ciudadan\u00eda\u00bb, expres\u00f3. La dirigente estatal lament\u00f3 que el morenista no tenga [&hellip;]<\/p>\n","protected":false},"author":3,"featured_media":25658,"comment_status":"open","ping_status":"open","sticky":false,"template":"","format":"standard","meta":{"footnotes":""},"categories":[12],"tags":[],"class_list":["post-25657","post","type-post","status-publish","format-standard","has-post-thumbnail","hentry","category-brujula-2026"],"amp_enabled":true,"_links":{"self":[{"href":"https:\/\/labestiapolitica.com.mx\/index.php?rest_route=\/wp\/v2\/posts\/25657","targetHints":{"allow":["GET"]}}],"collection":[{"href":"https:\/\/labestiapolitica.com.mx\/index.php?rest_route=\/wp\/v2\/posts"}],"about":[{"href":"https:\/\/labestiapolitica.com.mx\/index.php?rest_route=\/wp\/v2\/types\/post"}],"author":[{"embeddable":true,"href":"https:\/\/labestiapolitica.com.mx\/index.php?rest_route=\/wp\/v2\/users\/3"}],"replies":[{"embeddable":true,"href":"https:\/\/labestiapolitica.com.mx\/index.php?rest_route=%2Fwp%2Fv2%2Fcomments&post=25657"}],"version-history":[{"count":1,"href":"https:\/\/labestiapolitica.com.mx\/index.php?rest_route=\/wp\/v2\/posts\/25657\/revisions"}],"predecessor-version":[{"id":25659,"href":"https:\/\/labestiapolitica.com.mx\/index.php?rest_route=\/wp\/v2\/posts\/25657\/revisions\/25659"}],"wp:featuredmedia":[{"embeddable":true,"href":"https:\/\/labestiapolitica.com.mx\/index.php?rest_route=\/wp\/v2\/media\/25658"}],"wp:attachment":[{"href":"https:\/\/labestiapolitica.com.mx\/index.php?rest_route=%2Fwp%2Fv2%2Fmedia&parent=25657"}],"wp:term":[{"taxonomy":"category","embeddable":true,"href":"https:\/\/labestiapolitica.com.mx\/index.php?rest_route=%2Fwp%2Fv2%2Fcategories&post=25657"},{"taxonomy":"post_tag","embeddable":true,"href":"https:\/\/labestiapolitica.com.mx\/index.php?rest_route=%2Fwp%2Fv2%2Ftags&post=25657"}],"curies":[{"name":"wp","href":"https:\/\/api.w.org\/{rel}","templated":true}]}}