{"id":25665,"date":"2024-03-12T07:32:36","date_gmt":"2024-03-12T13:32:36","guid":{"rendered":"https:\/\/labestiapolitica.com.mx\/?p=25665"},"modified":"2024-03-14T11:51:55","modified_gmt":"2024-03-14T17:51:55","slug":"con-conferencia-magistral-conmemora-sandra-aguilar-el-dia-de-la-mujer","status":"publish","type":"post","link":"https:\/\/labestiapolitica.com.mx\/?p=25665","title":{"rendered":"Con Conferencia Magistral conmemora Sandra Aguilar el D\u00eda de la Mujer"},"content":{"rendered":"<p>El evento reuni\u00f3 a mujeres de diversos municipios quienes se capacitaron sobre la violencia vicaria y violencia de g\u00e9<\/p>\n<p style=\"text-align: justify;\">Fabiola M\u00c1RQUEZ\/ En el marco del D\u00eda Internacional de la Mujer, la delegada de la CONAVISA de Movimiento Ciudadano en Tlaxcala, Sandra Aguilar Vega, convoc\u00f3 a mujeres de esta fuerza pol\u00edtica para una conferencia sobre violencia vicaria y violencia de g\u00e9nero, la cual fue impartida por especialistas en el tema, como Guiselle Bustos, Janet Kanan y Pablo Huerta.<\/p>\n<p style=\"text-align: justify;\">Al respecto, Aguilar Vega, comparti\u00f3 que est\u00e1 reuni\u00f3n no busca un protagonismo pol\u00edtico sino una base para que las mujeres de Tlaxcala tengan un espacio donde puedan encontrar apoyo.<\/p>\n<p style=\"text-align: justify;\">\u00abPara m\u00ed conmemorar el D\u00eda de La Mujer es muy gratificante, poder reunirme con amigas y mujeres de los diferentes municipios de Tlaxcala me motiva a seguir trabajando de la mano con ustedes, como saben, para la CONAVISA la lucha de las mujeres es diaria, no de un solo d\u00eda y poder hacer redes de apoyo entre nosotras es lo m\u00e1s importante, para que juntas sigamos creciendo, impulsando pol\u00edticas p\u00fablicas a favor de las mujeres y llegando a las mesas donde se toman las decisiones\u201d, se\u00f1al\u00f3 Aguilar Vega.<\/p>\n<p style=\"text-align: justify;\">Por su parte, Guiselle Bustos, psic\u00f3loga y cofundadora de la Asociaci\u00f3n por los Derechos de Maternidades e Infancias (ADM), agradeci\u00f3 a Sandra Aguilar, por su anfitrion\u00eda, as\u00ed como por su sensibilidad en estos temas que afectan a las mujeres, sobre todo, porque su trabajo no es de ahora sino de mucho tiempo atr\u00e1s.<\/p>\n<p style=\"text-align: justify;\">Cabe destacar que en el evento estuvieron presentes Elsa Cordero, candidata al Senado y Rosa Isela S\u00e1nchez, candidata a la diputaci\u00f3n federal, ambas por Movimiento Ciudadano.<\/p>\n","protected":false},"excerpt":{"rendered":"<p>El evento reuni\u00f3 a mujeres de diversos municipios quienes se capacitaron sobre la violencia vicaria y violencia de g\u00e9 Fabiola M\u00c1RQUEZ\/ En el marco del D\u00eda Internacional de la Mujer, la delegada de la CONAVISA de Movimiento Ciudadano en Tlaxcala, Sandra Aguilar Vega, convoc\u00f3 a mujeres de esta fuerza pol\u00edtica para una conferencia sobre violencia [&hellip;]<\/p>\n","protected":false},"author":3,"featured_media":25666,"comment_status":"open","ping_status":"open","sticky":false,"template":"","format":"standard","meta":{"footnotes":""},"categories":[12],"tags":[],"class_list":["post-25665","post","type-post","status-publish","format-standard","has-post-thumbnail","hentry","category-brujula-2026"],"amp_enabled":true,"_links":{"self":[{"href":"https:\/\/labestiapolitica.com.mx\/index.php?rest_route=\/wp\/v2\/posts\/25665","targetHints":{"allow":["GET"]}}],"collection":[{"href":"https:\/\/labestiapolitica.com.mx\/index.php?rest_route=\/wp\/v2\/posts"}],"about":[{"href":"https:\/\/labestiapolitica.com.mx\/index.php?rest_route=\/wp\/v2\/types\/post"}],"author":[{"embeddable":true,"href":"https:\/\/labestiapolitica.com.mx\/index.php?rest_route=\/wp\/v2\/users\/3"}],"replies":[{"embeddable":true,"href":"https:\/\/labestiapolitica.com.mx\/index.php?rest_route=%2Fwp%2Fv2%2Fcomments&post=25665"}],"version-history":[{"count":2,"href":"https:\/\/labestiapolitica.com.mx\/index.php?rest_route=\/wp\/v2\/posts\/25665\/revisions"}],"predecessor-version":[{"id":25705,"href":"https:\/\/labestiapolitica.com.mx\/index.php?rest_route=\/wp\/v2\/posts\/25665\/revisions\/25705"}],"wp:featuredmedia":[{"embeddable":true,"href":"https:\/\/labestiapolitica.com.mx\/index.php?rest_route=\/wp\/v2\/media\/25666"}],"wp:attachment":[{"href":"https:\/\/labestiapolitica.com.mx\/index.php?rest_route=%2Fwp%2Fv2%2Fmedia&parent=25665"}],"wp:term":[{"taxonomy":"category","embeddable":true,"href":"https:\/\/labestiapolitica.com.mx\/index.php?rest_route=%2Fwp%2Fv2%2Fcategories&post=25665"},{"taxonomy":"post_tag","embeddable":true,"href":"https:\/\/labestiapolitica.com.mx\/index.php?rest_route=%2Fwp%2Fv2%2Ftags&post=25665"}],"curies":[{"name":"wp","href":"https:\/\/api.w.org\/{rel}","templated":true}]}}