{"id":25671,"date":"2024-03-12T08:03:18","date_gmt":"2024-03-12T14:03:18","guid":{"rendered":"https:\/\/labestiapolitica.com.mx\/?p=25671"},"modified":"2024-03-12T08:03:18","modified_gmt":"2024-03-12T14:03:18","slug":"cambron-si-va-a-regresar-como-diputado-federal-asegura-en-chiautempan","status":"publish","type":"post","link":"https:\/\/labestiapolitica.com.mx\/?p=25671","title":{"rendered":"\u00abCambr\u00f3n si va a regresar como diputado federal\u00bb, asegura en Chiautempan"},"content":{"rendered":"<p style=\"text-align: justify;\">Fabiola M\u00c1RQUEZ\/ Durante el recorrido dominical del candidato de la coalici\u00f3n fuerza y coraz\u00f3n por M\u00e9xico, Juan Manuel Cambr\u00f3n, por el municipio de Chiautempan, el aspirante a la diputaci\u00f3n federal por el tercer distrito fue claro y contundente al asegurar \u00a1YO NO LES VOY A FALLAR!<\/p>\n<p style=\"text-align: justify;\">Lo anterior luego de caminar por las comunidades de Ixcotla, Santa Cruz Guadalupe y la colonia Reforma, en d\u00f3nde vecinos de esas demarcaciones mostraron su inconformidad al asegurar que los pol\u00edticos solo los visitan cuando quieren el voto, pero luego de eso no se vuelve a saber de ellos jam\u00e1s.<\/p>\n<p style=\"text-align: justify;\">Cambr\u00f3n reconoci\u00f3 que la pol\u00edtica est\u00e1 sumamente desprestigiada por personajes, que efectivamente, solo se acercan solicitando el sufragio y luego de ganar se dedican a darse la gran vida, pero pidi\u00f3 no meterlo en esa misma canasta, pues a diferencia de otros, \u00e9l puede comprobar el trabajo realizado como diputado local, con una pol\u00edtica de puertas abiertas y de trabajo verificable.<\/p>\n<p style=\"text-align: justify;\">\u201cDe algo pueden estar seguros, yo no les voy a fallar, por eso es importante que como electores revisen, analicen a todos los contendientes, a quienes apareceremos en la boleta el 2 de junio. Revisen mi trabajo, lo que he hecho en el Congreso del estado con m\u00e1s de 30 iniciativas presentadas, revisen como he sido una voz cr\u00edtica en defensa de Tlaxcala y los Tlaxcaltecas, todo est\u00e1 ah\u00ed, en la nube documentado, solo tienen que dedicarle unos minutos, comparen mi trabajo con el de mis contendientes, ah\u00ed ver\u00e1n que claramente yo s\u00ed, no soy igual.\u201d<\/p>\n<p style=\"text-align: justify;\">Cambr\u00f3n asegur\u00f3 que \u00e9l no olvidar\u00e1, ni a su distrito, ni a su estado, menos a su gente, pues \u00e9l ser\u00e1 un diputado federal 100% comprometido con el trabajo y los resultados, como hasta ahora lo ha sido en el Congreso local, \u201cNo est\u00e1 en mi persona ser un simple calienta curules, si me dan su confianza, desde el primer d\u00eda les demostrar\u00e9 que soy diferente a aquellos que los enga\u00f1aron en el pasado\u201d.<\/p>\n<p style=\"text-align: justify;\">El candidato de la Coalici\u00f3n sostuvo una importante reuni\u00f3n en c\u00e9ntrico hotel del municipio lanero con liderazgos y ex presidentes de comunidad de Chiautempan, ah\u00ed los asistentes coincidieron que la llamada transformaci\u00f3n del municipio y del estado, m\u00e1s bien fue un retroceso, por lo que urge dar un golpe de tim\u00f3n, comprometi\u00e9ndose a apoyar a Cambr\u00f3n Soria, sabedores de la experiencia y compromiso demostrado por el hoy aspirante a diputado federal como legislador local.<\/p>\n<p style=\"text-align: justify;\">La larga jornada dominical concluy\u00f3 con una concurrida reuni\u00f3n con vecinos de la colonia Reforma, quienes concluyeron que Cambr\u00f3n es la mejor opci\u00f3n para verdaderamente representarlos en la c\u00e1mara baja del congreso de la uni\u00f3n.<\/p>\n<p style=\"text-align: justify;\"><img loading=\"lazy\" decoding=\"async\" class=\"alignnone wp-image-25673 size-full\" src=\"https:\/\/labestiapolitica.com.mx\/wp-content\/uploads\/2024\/03\/MANUEL-2-.jpg\" alt=\"\" width=\"1000\" height=\"600\" srcset=\"https:\/\/labestiapolitica.com.mx\/wp-content\/uploads\/2024\/03\/MANUEL-2-.jpg 1000w, https:\/\/labestiapolitica.com.mx\/wp-content\/uploads\/2024\/03\/MANUEL-2--300x180.jpg 300w, https:\/\/labestiapolitica.com.mx\/wp-content\/uploads\/2024\/03\/MANUEL-2--768x461.jpg 768w\" sizes=\"auto, (max-width: 1000px) 100vw, 1000px\" \/><\/p>\n","protected":false},"excerpt":{"rendered":"<p>Fabiola M\u00c1RQUEZ\/ Durante el recorrido dominical del candidato de la coalici\u00f3n fuerza y coraz\u00f3n por M\u00e9xico, Juan Manuel Cambr\u00f3n, por el municipio de Chiautempan, el aspirante a la diputaci\u00f3n federal por el tercer distrito fue claro y contundente al asegurar \u00a1YO NO LES VOY A FALLAR! Lo anterior luego de caminar por las comunidades de [&hellip;]<\/p>\n","protected":false},"author":3,"featured_media":25672,"comment_status":"open","ping_status":"open","sticky":false,"template":"","format":"standard","meta":{"footnotes":""},"categories":[12],"tags":[],"class_list":["post-25671","post","type-post","status-publish","format-standard","has-post-thumbnail","hentry","category-brujula-2026"],"amp_enabled":true,"_links":{"self":[{"href":"https:\/\/labestiapolitica.com.mx\/index.php?rest_route=\/wp\/v2\/posts\/25671","targetHints":{"allow":["GET"]}}],"collection":[{"href":"https:\/\/labestiapolitica.com.mx\/index.php?rest_route=\/wp\/v2\/posts"}],"about":[{"href":"https:\/\/labestiapolitica.com.mx\/index.php?rest_route=\/wp\/v2\/types\/post"}],"author":[{"embeddable":true,"href":"https:\/\/labestiapolitica.com.mx\/index.php?rest_route=\/wp\/v2\/users\/3"}],"replies":[{"embeddable":true,"href":"https:\/\/labestiapolitica.com.mx\/index.php?rest_route=%2Fwp%2Fv2%2Fcomments&post=25671"}],"version-history":[{"count":1,"href":"https:\/\/labestiapolitica.com.mx\/index.php?rest_route=\/wp\/v2\/posts\/25671\/revisions"}],"predecessor-version":[{"id":25674,"href":"https:\/\/labestiapolitica.com.mx\/index.php?rest_route=\/wp\/v2\/posts\/25671\/revisions\/25674"}],"wp:featuredmedia":[{"embeddable":true,"href":"https:\/\/labestiapolitica.com.mx\/index.php?rest_route=\/wp\/v2\/media\/25672"}],"wp:attachment":[{"href":"https:\/\/labestiapolitica.com.mx\/index.php?rest_route=%2Fwp%2Fv2%2Fmedia&parent=25671"}],"wp:term":[{"taxonomy":"category","embeddable":true,"href":"https:\/\/labestiapolitica.com.mx\/index.php?rest_route=%2Fwp%2Fv2%2Fcategories&post=25671"},{"taxonomy":"post_tag","embeddable":true,"href":"https:\/\/labestiapolitica.com.mx\/index.php?rest_route=%2Fwp%2Fv2%2Ftags&post=25671"}],"curies":[{"name":"wp","href":"https:\/\/api.w.org\/{rel}","templated":true}]}}