{"id":25675,"date":"2024-03-12T08:09:42","date_gmt":"2024-03-12T14:09:42","guid":{"rendered":"https:\/\/labestiapolitica.com.mx\/?p=25675"},"modified":"2024-03-14T11:51:46","modified_gmt":"2024-03-14T17:51:46","slug":"tenemos-miedo-le-dicen-a-cambron-ante-la-inseguridad-que-azota-a-tlaxcala","status":"publish","type":"post","link":"https:\/\/labestiapolitica.com.mx\/?p=25675","title":{"rendered":"\u00a1Tenemos miedo! le dicen a Cambr\u00f3n ante la inseguridad que azota a Tlaxcala"},"content":{"rendered":"<p style=\"text-align: justify;\">Cambr\u00f3n les dijo que entend\u00eda perfectamente su preocupaci\u00f3n, pues no es un asunto solo de Huactzinco, sino de todo el estado, incluso les coment\u00f3 como en Tetlanohcan, el propio presidente municipal fue asaltado en su domicilio.<\/p>\n<p style=\"text-align: justify;\">Fabiola M\u00c1RQUEZ\/ Tenemos miedo! \u00a1 !Ya no es como antes! \u00a1Hagan algo! Fueron algunas de las expresiones de los habitantes del municipio de San Juan Huactzinco durante la visita del candidato Juan Manuel Cambr\u00f3n.<\/p>\n<p style=\"text-align: justify;\">Durante su recorrido y toque de puertas, el abanderado de la coalici\u00f3n fuerza y coraz\u00f3n por M\u00e9xico, escuch\u00d3 con atenci\u00f3n la preocupaci\u00f3n de los habitantes en el tema de la falta de seguridad en el municipio, especialmente por las noches, en d\u00f3nde transitar se vuelve un enorme riesgo ante la falta de personal policiaco del ayuntamiento y del estado.<\/p>\n<p style=\"text-align: justify;\">Cambr\u00f3n les dijo que entend\u00eda perfectamente su preocupaci\u00f3n, pues no es un asunto solo de Huactzinco, sino de todo el estado, incluso les coment\u00f3 como en el municipio de Tetlanohcan, el propio presidente municipal fue asaltado en su domicilio.<\/p>\n<p style=\"text-align: justify;\">\u201cEs tan grave el asunto que hasta los presidentes municipales son ya v\u00edctimas de la delincuencia, como fue el caso de este lunes en Tetlanohcan, por eso es primordial ponerse a trabajar en el asunto, seguir alzando la voz para que el gobierno del estado entienda de una buena vez que tiene que tomar decisiones radicales para contener el problema.\u201d<\/p>\n<p style=\"text-align: justify;\">Cambr\u00f3n record\u00f3 a los habitantes de Huactzinco que \u00e9l como diputado local ha sido una voz firme, severa y constante al se\u00f1alar la nula estrategia del gobierno en el combate a la delincuencia, su fracaso evidente y como propuso modificar el presupuesto del estado para que la seguridad p\u00fablica recibiera mil millones de pesos adicionales para mejorar salarios, capacitar, equipar y entrenar a la polic\u00eda, algo que fue desechado por el gobierno de morena y sus diputados en el congreso.<\/p>\n<p style=\"text-align: justify;\">\u201cYo no vengo a prometer nada, pues en materia de inseguridad ya he trabajado, como diputado local present\u00e9 una iniciativa para mejorar la seguridad, con una propuesta de mando \u00fanico y un incremento sustancial en su presupuesto, pero desafortunadamente la mayor\u00eda de morena la rechaz\u00f3, por eso es fundamental que recuperemos el congreso, tanto del estado como el de la uni\u00f3n, para que no solo se legisle a favor de las ocurrencias de una sola persona, sino en beneficio de todos y todas\u201d<\/p>\n<p style=\"text-align: justify;\">Como es ya costumbre, Cambr\u00f3n sostuvo varias reuniones con habitantes de la demarcaci\u00f3n, en d\u00f3nde les dijo que seguir\u00e1 trabajando para buscar las mejores condiciones legislativas en favor de la seguridad de todos los tlaxcaltecas, por lo que solicit\u00f3 el apoyo de los asistentes con su voto el pr\u00f3ximo 2 de junio, para llevar esos esfuerzos tambi\u00e9n a la c\u00e1mara de diputados federal para con ello, tratar de resolver le grave problema que ha significado la p\u00e9sima estrategia de \u201cabrazos y no balazos\u201d.<\/p>\n<p style=\"text-align: justify;\">\u201cA la delincuencia se le combate, no se le abraza, es fundamental que encontremos los mecanismos legislativos m\u00e1s apropiados para mejorar nuestras polic\u00edas, y sobre todo la estrategia de combate al cr\u00edmen organizado, ya vimos que darles manga ancha los delincuentes en nada beneficia al estado ni al pa\u00eds.\u201d Concluy\u00f3.<\/p>\n","protected":false},"excerpt":{"rendered":"<p>Cambr\u00f3n les dijo que entend\u00eda perfectamente su preocupaci\u00f3n, pues no es un asunto solo de Huactzinco, sino de todo el estado, incluso les coment\u00f3 como en Tetlanohcan, el propio presidente municipal fue asaltado en su domicilio. Fabiola M\u00c1RQUEZ\/ Tenemos miedo! \u00a1 !Ya no es como antes! \u00a1Hagan algo! Fueron algunas de las expresiones de los [&hellip;]<\/p>\n","protected":false},"author":3,"featured_media":25676,"comment_status":"open","ping_status":"open","sticky":false,"template":"","format":"standard","meta":{"footnotes":""},"categories":[12],"tags":[],"class_list":["post-25675","post","type-post","status-publish","format-standard","has-post-thumbnail","hentry","category-brujula-2026"],"amp_enabled":true,"_links":{"self":[{"href":"https:\/\/labestiapolitica.com.mx\/index.php?rest_route=\/wp\/v2\/posts\/25675","targetHints":{"allow":["GET"]}}],"collection":[{"href":"https:\/\/labestiapolitica.com.mx\/index.php?rest_route=\/wp\/v2\/posts"}],"about":[{"href":"https:\/\/labestiapolitica.com.mx\/index.php?rest_route=\/wp\/v2\/types\/post"}],"author":[{"embeddable":true,"href":"https:\/\/labestiapolitica.com.mx\/index.php?rest_route=\/wp\/v2\/users\/3"}],"replies":[{"embeddable":true,"href":"https:\/\/labestiapolitica.com.mx\/index.php?rest_route=%2Fwp%2Fv2%2Fcomments&post=25675"}],"version-history":[{"count":1,"href":"https:\/\/labestiapolitica.com.mx\/index.php?rest_route=\/wp\/v2\/posts\/25675\/revisions"}],"predecessor-version":[{"id":25677,"href":"https:\/\/labestiapolitica.com.mx\/index.php?rest_route=\/wp\/v2\/posts\/25675\/revisions\/25677"}],"wp:featuredmedia":[{"embeddable":true,"href":"https:\/\/labestiapolitica.com.mx\/index.php?rest_route=\/wp\/v2\/media\/25676"}],"wp:attachment":[{"href":"https:\/\/labestiapolitica.com.mx\/index.php?rest_route=%2Fwp%2Fv2%2Fmedia&parent=25675"}],"wp:term":[{"taxonomy":"category","embeddable":true,"href":"https:\/\/labestiapolitica.com.mx\/index.php?rest_route=%2Fwp%2Fv2%2Fcategories&post=25675"},{"taxonomy":"post_tag","embeddable":true,"href":"https:\/\/labestiapolitica.com.mx\/index.php?rest_route=%2Fwp%2Fv2%2Ftags&post=25675"}],"curies":[{"name":"wp","href":"https:\/\/api.w.org\/{rel}","templated":true}]}}