{"id":25689,"date":"2024-03-13T15:04:08","date_gmt":"2024-03-13T21:04:08","guid":{"rendered":"https:\/\/labestiapolitica.com.mx\/?p=25689"},"modified":"2024-03-14T11:51:02","modified_gmt":"2024-03-14T17:51:02","slug":"habitantes-del-municipio-de-papalotla-dieron-una-gran-recepcion-y-respaldo-al-candidato-a-la-diputacion-federal-por-la-coalicion-del-prd-pri-pan-juan-manuel-cambron","status":"publish","type":"post","link":"https:\/\/labestiapolitica.com.mx\/?p=25689","title":{"rendered":"Habitantes del municipio de Papalotla dieron una gran recepci\u00f3n y respaldo al Candidato a la diputaci\u00f3n federal por la coalici\u00f3n del PRD-PRI-PAN, Juan Manuel Cambr\u00f3n."},"content":{"rendered":"<p style=\"text-align: justify;\">Durante casi cuatro horas, el candidato toc\u00f3 puertas, platic\u00f3 con vecinos, escuch\u00f3 sus quejas, necesidades y hasta propuestas, de las cu\u00e1les el abanderado de la coalici\u00f3n tom\u00f3 puntual nota para enriquecer sus propuestas y armonizar con las de la gente.<\/p>\n<p style=\"text-align: justify;\">Cambr\u00f3n tambi\u00e9n sostuvo dos importantes reuniones con vecinos de San Marcos Contla y San Buenaventura, en d\u00f3nde les reiter\u00f3 la importancia de comparar proyectos, acciones y sobre todo revisar a fondo lo que han hecho a favor de Tlaxcala los contendientes por la diputaci\u00f3n federal.<\/p>\n<p style=\"text-align: justify;\">\u201cEn eso s\u00e9 que llevo una enorme ventaja, una que me ha dado mi trabajo, mi compromiso, mi voz a favor de las causas de la gente y no de los intereses de unos cu\u00e1ntos, por eso no me cansar\u00e9 de repetirles que es muy importante analizar, comparar, pues es ah\u00ed donde ustedes pueden constar con certeza quien llegar\u00e1 al congreso de la uni\u00f3n a trabajar y quien solo quiere seguir viviendo del erario, a sus costillas\u201d<\/p>\n<p style=\"text-align: justify;\">Juan Manuel Cambr\u00f3n continuar\u00e1 caminando cada uno de los municipios que integran el tercer distrito electoral, para presentarse ante los ciudadanos, pero sobre todo para escuchar sus preocupaciones y demandas.<\/p>\n","protected":false},"excerpt":{"rendered":"<p>Durante casi cuatro horas, el candidato toc\u00f3 puertas, platic\u00f3 con vecinos, escuch\u00f3 sus quejas, necesidades y hasta propuestas, de las cu\u00e1les el abanderado de la coalici\u00f3n tom\u00f3 puntual nota para enriquecer sus propuestas y armonizar con las de la gente. Cambr\u00f3n tambi\u00e9n sostuvo dos importantes reuniones con vecinos de San Marcos Contla y San Buenaventura, [&hellip;]<\/p>\n","protected":false},"author":3,"featured_media":25691,"comment_status":"open","ping_status":"open","sticky":false,"template":"","format":"standard","meta":{"footnotes":""},"categories":[12],"tags":[],"class_list":["post-25689","post","type-post","status-publish","format-standard","has-post-thumbnail","hentry","category-brujula-2026"],"amp_enabled":true,"_links":{"self":[{"href":"https:\/\/labestiapolitica.com.mx\/index.php?rest_route=\/wp\/v2\/posts\/25689","targetHints":{"allow":["GET"]}}],"collection":[{"href":"https:\/\/labestiapolitica.com.mx\/index.php?rest_route=\/wp\/v2\/posts"}],"about":[{"href":"https:\/\/labestiapolitica.com.mx\/index.php?rest_route=\/wp\/v2\/types\/post"}],"author":[{"embeddable":true,"href":"https:\/\/labestiapolitica.com.mx\/index.php?rest_route=\/wp\/v2\/users\/3"}],"replies":[{"embeddable":true,"href":"https:\/\/labestiapolitica.com.mx\/index.php?rest_route=%2Fwp%2Fv2%2Fcomments&post=25689"}],"version-history":[{"count":1,"href":"https:\/\/labestiapolitica.com.mx\/index.php?rest_route=\/wp\/v2\/posts\/25689\/revisions"}],"predecessor-version":[{"id":25692,"href":"https:\/\/labestiapolitica.com.mx\/index.php?rest_route=\/wp\/v2\/posts\/25689\/revisions\/25692"}],"wp:featuredmedia":[{"embeddable":true,"href":"https:\/\/labestiapolitica.com.mx\/index.php?rest_route=\/wp\/v2\/media\/25691"}],"wp:attachment":[{"href":"https:\/\/labestiapolitica.com.mx\/index.php?rest_route=%2Fwp%2Fv2%2Fmedia&parent=25689"}],"wp:term":[{"taxonomy":"category","embeddable":true,"href":"https:\/\/labestiapolitica.com.mx\/index.php?rest_route=%2Fwp%2Fv2%2Fcategories&post=25689"},{"taxonomy":"post_tag","embeddable":true,"href":"https:\/\/labestiapolitica.com.mx\/index.php?rest_route=%2Fwp%2Fv2%2Ftags&post=25689"}],"curies":[{"name":"wp","href":"https:\/\/api.w.org\/{rel}","templated":true}]}}