{"id":25700,"date":"2024-03-13T18:02:00","date_gmt":"2024-03-14T00:02:00","guid":{"rendered":"https:\/\/labestiapolitica.com.mx\/?p=25700"},"modified":"2024-03-13T18:02:00","modified_gmt":"2024-03-14T00:02:00","slug":"primer-dia-de-la-jornada-de-esterilizacion-canina-y-felina-en-tepetitla-de-lardizabal","status":"publish","type":"post","link":"https:\/\/labestiapolitica.com.mx\/?p=25700","title":{"rendered":"Primer d\u00eda de la Jornada de Esterilizaci\u00f3n Canina y Felina en Tepetitla de Lardiz\u00e1bal."},"content":{"rendered":"<p style=\"text-align: justify;\">Hoy, mi\u00e9rcoles 13 de marzo, se llev\u00f3 a cabo con \u00e9xito el primer d\u00eda de la Jornada de Esterilizaci\u00f3n Canina y Felina, marcando el inicio de esta importante iniciativa para el bienestar animal en nuestra comunidad durante el presente a\u00f1o.<\/p>\n<p style=\"text-align: justify;\">La jornada de esterilizaci\u00f3n, planificada para un total de tres d\u00edas, tiene como objetivo principal controlar la poblaci\u00f3n de animales dom\u00e9sticos y promover su cuidado responsable. Los d\u00edas 13 y 15 de marzo tendr\u00e1n lugar en la cabecera municipal, mientras que el d\u00eda 14 de marzo se llevar\u00e1 a cabo en la comunidad de Villa Alta.<\/p>\n<p style=\"text-align: justify;\">Se espera que m\u00e1s de 200 animalitos sean atendidos durante estos tres d\u00edas, brind\u00e1ndoles la oportunidad de acceder a un servicio que no solo beneficia su salud individual, sino que tambi\u00e9n contribuye al bienestar de la comunidad en su conjunto.<\/p>\n<p style=\"text-align: justify;\">Aunque el primer d\u00eda de la jornada ha concluido, a\u00fan quedan dos d\u00edas m\u00e1s para que la poblaci\u00f3n pueda llevar a sus mascotas a esterilizarse. Se invita cordialmente a todos los due\u00f1os de mascotas a participar activamente en esta iniciativa, ayudando a controlar la poblaci\u00f3n animal y promoviendo una convivencia m\u00e1s armoniosa entre humanos y animales en nuestro municipio.<\/p>\n","protected":false},"excerpt":{"rendered":"<p>Hoy, mi\u00e9rcoles 13 de marzo, se llev\u00f3 a cabo con \u00e9xito el primer d\u00eda de la Jornada de Esterilizaci\u00f3n Canina y Felina, marcando el inicio de esta importante iniciativa para el bienestar animal en nuestra comunidad durante el presente a\u00f1o. La jornada de esterilizaci\u00f3n, planificada para un total de tres d\u00edas, tiene como objetivo principal [&hellip;]<\/p>\n","protected":false},"author":3,"featured_media":25701,"comment_status":"open","ping_status":"open","sticky":false,"template":"","format":"standard","meta":{"footnotes":""},"categories":[7],"tags":[],"class_list":["post-25700","post","type-post","status-publish","format-standard","has-post-thumbnail","hentry","category-ciudadanos"],"amp_enabled":true,"_links":{"self":[{"href":"https:\/\/labestiapolitica.com.mx\/index.php?rest_route=\/wp\/v2\/posts\/25700","targetHints":{"allow":["GET"]}}],"collection":[{"href":"https:\/\/labestiapolitica.com.mx\/index.php?rest_route=\/wp\/v2\/posts"}],"about":[{"href":"https:\/\/labestiapolitica.com.mx\/index.php?rest_route=\/wp\/v2\/types\/post"}],"author":[{"embeddable":true,"href":"https:\/\/labestiapolitica.com.mx\/index.php?rest_route=\/wp\/v2\/users\/3"}],"replies":[{"embeddable":true,"href":"https:\/\/labestiapolitica.com.mx\/index.php?rest_route=%2Fwp%2Fv2%2Fcomments&post=25700"}],"version-history":[{"count":1,"href":"https:\/\/labestiapolitica.com.mx\/index.php?rest_route=\/wp\/v2\/posts\/25700\/revisions"}],"predecessor-version":[{"id":25703,"href":"https:\/\/labestiapolitica.com.mx\/index.php?rest_route=\/wp\/v2\/posts\/25700\/revisions\/25703"}],"wp:featuredmedia":[{"embeddable":true,"href":"https:\/\/labestiapolitica.com.mx\/index.php?rest_route=\/wp\/v2\/media\/25701"}],"wp:attachment":[{"href":"https:\/\/labestiapolitica.com.mx\/index.php?rest_route=%2Fwp%2Fv2%2Fmedia&parent=25700"}],"wp:term":[{"taxonomy":"category","embeddable":true,"href":"https:\/\/labestiapolitica.com.mx\/index.php?rest_route=%2Fwp%2Fv2%2Fcategories&post=25700"},{"taxonomy":"post_tag","embeddable":true,"href":"https:\/\/labestiapolitica.com.mx\/index.php?rest_route=%2Fwp%2Fv2%2Ftags&post=25700"}],"curies":[{"name":"wp","href":"https:\/\/api.w.org\/{rel}","templated":true}]}}