{"id":25706,"date":"2024-03-14T12:00:41","date_gmt":"2024-03-14T18:00:41","guid":{"rendered":"https:\/\/labestiapolitica.com.mx\/?p=25706"},"modified":"2024-03-18T13:58:16","modified_gmt":"2024-03-18T19:58:16","slug":"ante-la-red-baal-se-compromete-cambron-a-defender-los-derechos-de-trabajadores-de-la-salud","status":"publish","type":"post","link":"https:\/\/labestiapolitica.com.mx\/?p=25706","title":{"rendered":"Ante la Red BAAL, se compromete Cambr\u00f3n a defender los derechos de trabajadores de la salud"},"content":{"rendered":"<p><img loading=\"lazy\" decoding=\"async\" class=\"alignnone wp-image-25711 size-full\" src=\"https:\/\/labestiapolitica.com.mx\/wp-content\/uploads\/2024\/03\/manuel1.jpg\" alt=\"\" width=\"1000\" height=\"600\" srcset=\"https:\/\/labestiapolitica.com.mx\/wp-content\/uploads\/2024\/03\/manuel1.jpg 1000w, https:\/\/labestiapolitica.com.mx\/wp-content\/uploads\/2024\/03\/manuel1-300x180.jpg 300w, https:\/\/labestiapolitica.com.mx\/wp-content\/uploads\/2024\/03\/manuel1-768x461.jpg 768w\" sizes=\"auto, (max-width: 1000px) 100vw, 1000px\" \/><\/p>\n<p style=\"text-align: justify;\">Fabiola M\u00c1RQUEZ\/ Tlaxcala\/ Este mi\u00e9rcoles, Juan Manuel Cambr\u00f3n, candidato a la diputaci\u00f3n federal por el tercer distrito, se reuni\u00f3 con representantes de la REDBAL en el municipio de Teolocholco, ah\u00ed les manifest\u00f3 que como diputado federal har\u00e1 una en\u00e9rgica defensa de los derechos de los trabajadores de la salud.<\/p>\n<p style=\"text-align: justify;\">Cambr\u00f3n, en su discurso inicial, record\u00f3 con emoci\u00f3n y gratitud el sacrificio y la dedicaci\u00f3n de estos trabajadores, quienes se enfrentaron a condiciones extremadamente dif\u00edciles para brindar atenci\u00f3n m\u00e9dica a la poblaci\u00f3n.<\/p>\n<p style=\"text-align: justify;\">\u00a0En un encuentro marcado por la reflexi\u00f3n sobre la lucha de estos profesionales durante la pasada pandemia de COVID-19, El candidato de la coalici\u00f3n fuerza y coraz\u00f3n por M\u00e9xico record\u00f3 los desaf\u00edos enfrentados durante la pandemia por aquellos que arriesgaron sus vidas para salvar la de otros sin medicamentos, instrumental m\u00e9dico adecuado ni suministros suficientes.<\/p>\n<p style=\"text-align: justify;\">La pandemia, que ha cobrado la vida de 334,958 mexicanos hasta la fecha, fue descrita por Cambr\u00f3n como un ejemplo de la peor estrategia gubernamental en el combate a la enfermedad. Ante este escenario, el candidato hizo un llamado a la solidaridad de todos los miembros de la REDBAL y sus familias, inst\u00e1ndolos a unirse en un esfuerzo conjunto para alcanzar el Congreso de la Uni\u00f3n y poder legislar a favor de una salud digna y gratuita para todos.<\/p>\n<p style=\"text-align: justify;\">\u00abEs imperativo que unamos nuestras voces y nuestras acciones para garantizar que los trabajadores de la salud reciban el reconocimiento y el apoyo que merecen\u00bb, enfatiz\u00f3 Cambr\u00f3n durante la reuni\u00f3n.<\/p>\n<p style=\"text-align: justify;\">La convocatoria de Cambr\u00f3n recibi\u00f3 una respuesta positiva por parte de los asistentes, quienes se comprometieron a trabajar en conjunto para impulsar iniciativas legislativas que promuevan una mejora significativa en las condiciones laborales y el acceso a la salud en M\u00e9xico.<\/p>\n<p style=\"text-align: justify;\">A este evento asisti\u00f3 la diputada local Blanca \u00c1guila Lima, y la candidata al Senado por la coalici\u00f3n, Anabell \u00c1valos Zempoalteca, los tres coincidieron en que unidos, comprometidos y trabajando en cada rinc\u00f3n del estado la victoria el pr\u00f3ximo 2 de junio estar\u00e1 asegurada, pues la gente est\u00e1 decepcionada y por ello el compromiso es doble pues deben demostrar que esta generaci\u00f3n de pol\u00edticos son diferentes.<\/p>\n<p><img loading=\"lazy\" decoding=\"async\" class=\"alignnone wp-image-25709 size-full\" src=\"https:\/\/labestiapolitica.com.mx\/wp-content\/uploads\/2024\/03\/manuel2.jpg\" alt=\"\" width=\"1000\" height=\"600\" srcset=\"https:\/\/labestiapolitica.com.mx\/wp-content\/uploads\/2024\/03\/manuel2.jpg 1000w, https:\/\/labestiapolitica.com.mx\/wp-content\/uploads\/2024\/03\/manuel2-300x180.jpg 300w, https:\/\/labestiapolitica.com.mx\/wp-content\/uploads\/2024\/03\/manuel2-768x461.jpg 768w\" sizes=\"auto, (max-width: 1000px) 100vw, 1000px\" \/><\/p>\n","protected":false},"excerpt":{"rendered":"<p>Fabiola M\u00c1RQUEZ\/ Tlaxcala\/ Este mi\u00e9rcoles, Juan Manuel Cambr\u00f3n, candidato a la diputaci\u00f3n federal por el tercer distrito, se reuni\u00f3 con representantes de la REDBAL en el municipio de Teolocholco, ah\u00ed les manifest\u00f3 que como diputado federal har\u00e1 una en\u00e9rgica defensa de los derechos de los trabajadores de la salud. Cambr\u00f3n, en su discurso inicial, record\u00f3 [&hellip;]<\/p>\n","protected":false},"author":3,"featured_media":25708,"comment_status":"open","ping_status":"open","sticky":false,"template":"","format":"standard","meta":{"footnotes":""},"categories":[12],"tags":[],"class_list":["post-25706","post","type-post","status-publish","format-standard","has-post-thumbnail","hentry","category-brujula-2026"],"amp_enabled":true,"_links":{"self":[{"href":"https:\/\/labestiapolitica.com.mx\/index.php?rest_route=\/wp\/v2\/posts\/25706","targetHints":{"allow":["GET"]}}],"collection":[{"href":"https:\/\/labestiapolitica.com.mx\/index.php?rest_route=\/wp\/v2\/posts"}],"about":[{"href":"https:\/\/labestiapolitica.com.mx\/index.php?rest_route=\/wp\/v2\/types\/post"}],"author":[{"embeddable":true,"href":"https:\/\/labestiapolitica.com.mx\/index.php?rest_route=\/wp\/v2\/users\/3"}],"replies":[{"embeddable":true,"href":"https:\/\/labestiapolitica.com.mx\/index.php?rest_route=%2Fwp%2Fv2%2Fcomments&post=25706"}],"version-history":[{"count":2,"href":"https:\/\/labestiapolitica.com.mx\/index.php?rest_route=\/wp\/v2\/posts\/25706\/revisions"}],"predecessor-version":[{"id":25712,"href":"https:\/\/labestiapolitica.com.mx\/index.php?rest_route=\/wp\/v2\/posts\/25706\/revisions\/25712"}],"wp:featuredmedia":[{"embeddable":true,"href":"https:\/\/labestiapolitica.com.mx\/index.php?rest_route=\/wp\/v2\/media\/25708"}],"wp:attachment":[{"href":"https:\/\/labestiapolitica.com.mx\/index.php?rest_route=%2Fwp%2Fv2%2Fmedia&parent=25706"}],"wp:term":[{"taxonomy":"category","embeddable":true,"href":"https:\/\/labestiapolitica.com.mx\/index.php?rest_route=%2Fwp%2Fv2%2Fcategories&post=25706"},{"taxonomy":"post_tag","embeddable":true,"href":"https:\/\/labestiapolitica.com.mx\/index.php?rest_route=%2Fwp%2Fv2%2Ftags&post=25706"}],"curies":[{"name":"wp","href":"https:\/\/api.w.org\/{rel}","templated":true}]}}