{"id":25736,"date":"2024-03-14T14:38:36","date_gmt":"2024-03-14T20:38:36","guid":{"rendered":"https:\/\/labestiapolitica.com.mx\/?p=25736"},"modified":"2024-03-18T13:57:46","modified_gmt":"2024-03-18T19:57:46","slug":"presenta-diputado-cambron-iniciativa-para-la-creacion-de-la-fiscalia-especializada-en-atencion-a-grupos-vulnerables","status":"publish","type":"post","link":"https:\/\/labestiapolitica.com.mx\/?p=25736","title":{"rendered":"Presenta Diputado Cambr\u00f3n Iniciativa para la creaci\u00f3n de la Fiscal\u00eda especializada en atenci\u00f3n a Grupos Vulnerables."},"content":{"rendered":"<p style=\"text-align: justify;\">El diputado del sol azteca, Juan Manuel Cambr\u00f3n, present\u00f3 una iniciativa que tiene como prop\u00f3sito, el crear la Fiscal\u00eda Especializada para la Atenci\u00f3n de Grupos Vulnerables, como parte de la estructura org\u00e1nica de la Procuradur\u00eda General de Justicia del Estado de Tlaxcala, para materializar la atenci\u00f3n especializada cuando alguna persona de las que integran dichos grupos, sea sujeto activo o pasivo en la comisi\u00f3n de alg\u00fan delito.<\/p>\n<p style=\"text-align: justify;\">Cambr\u00f3n Soria detall\u00f3 que se trata de aplicar el principio de no discriminaci\u00f3n establecido en el Art\u00edculo 1\u00ba de la Constituci\u00f3n Pol\u00edtica de los Estados Unidos Mexicanos. En este sentido, para evitar la discriminaci\u00f3n sobre las condiciones sociales espec\u00edficas que se\u00f1ala la Norma Fundamental, es que se han implementado instituciones tendentes a proteger a los grupos vulnerables identificados constitucionalmente y que bien pudieran ser discriminados en el ejercicio de sus derechos.<\/p>\n<p style=\"text-align: justify;\">Estas instituciones nacionales y locales que atienden a personas adultas mayores, para la protecci\u00f3n y el empoderamiento de las mujeres, para la atenci\u00f3n de integrantes de las comunidades ind\u00edgenas y de origen afromexicano, a personas con discapacidad, a grupos de la diversidad sexual, entre otros, sean el conducto para aplicar las medidas concretas previstas en la ley que eviten el trato discriminatorio hacia esos grupos.<\/p>\n<p style=\"text-align: justify;\"><strong>\u201cLa propuesta que contiene la presente Iniciativa, est\u00e1 cimentada en la obligaci\u00f3n constitucional y convencional del Estado, en este caso de un \u00f3rgano del gobierno estatal, como lo es la Procuradur\u00eda General de Justicia del Estado, para implementar en el \u00e1mbito de su competencia, la instancia que garantice que las personas involucradas en la comisi\u00f3n de alg\u00fan delito, que pertenezcan a los grupos en situaciones de riesgo, puedan ejercen sus derechos en igualdad de condiciones con relaci\u00f3n a las dem\u00e1s personas\u201d<\/strong><\/p>\n<p style=\"text-align: justify;\">As\u00ed pues el legislador perredista argument\u00f3 que, la creaci\u00f3n de una Fiscal\u00eda Especializada para la Atenci\u00f3n de Grupos Vulnerables, debe ser la instancia adecuada para que, considerando las peculiaridades de las personas que pertenecen a los grupos vulnerables, cuenten con la orientaci\u00f3n y el apoyo necesarios, ya sea para tener una defensa adecuada desde el momento mismo en que sean puestos a disposici\u00f3n o sean investigados, as\u00ed como para cuando sean v\u00edctimas de alg\u00fan il\u00edcito, y requieran de los tratamientos y asesor\u00edas pertinentes.<\/p>\n<p style=\"text-align: justify;\">Cambr\u00f3n Soria detall\u00f3 que seg\u00fan Censo de Poblaci\u00f3n 2020, del Instituto Nacional de Estad\u00edstica y Geograf\u00eda (INEGI), dentro de los grupos vulnerables se encuentran el 7.4% de la poblaci\u00f3n mayor de 65 a\u00f1os, que corresponde a 99 mil 381 adultos mayores, de los cuales 53.7% son mujeres y 46.3% son hombres, 54,323 personas con discapacidad, que representan el 4% de la poblaci\u00f3n tlaxcalteca, 60,685 personas de la diversidad sexual, mayores de 14 a\u00f1os, que representan el 6% de la poblaci\u00f3n de nuestra entidad y finalmente el 16.46% de la poblaci\u00f3n, que significan 221,054 personas auto adscritas como ind\u00edgenas.<\/p>\n<p style=\"text-align: justify;\"><strong>\u201cConsiderando al conjunto de estos grupos en situaci\u00f3n de vulnerabilidad, la Fiscal\u00eda Especializada estar\u00eda dirigida a la atenci\u00f3n del 34% de la poblaci\u00f3n total de Tlaxcala, es decir, pr\u00e1cticamente la tercera parte de la poblaci\u00f3n, por lo que est\u00e1 plenamente justificada la creaci\u00f3n de esta Instancia Ministerial\u201d<\/strong><\/p>\n<p style=\"text-align: justify;\">El diputado coordinador de la bancada del PRD en el congreso concluy\u00f3 su presentaci\u00f3n manifestando que el personal que llegase a ser asignado a la Fiscal\u00eda Especializada, deber\u00e1 capacitarse previamente al ingresar al cargo, as\u00ed como anualmente, en el tiempo y forma que establezcan los lineamientos de organizaci\u00f3n y funcionamiento que emita la persona titular de la Procuradur\u00eda General de Justicia del Estado.<\/p>\n<p style=\"text-align: justify;\">Con lo anterior consider\u00f3 que se estar\u00e1 atendiendo a un grupo poblacional muy relevante que a la fecha es marginado.<\/p>\n","protected":false},"excerpt":{"rendered":"<p>El diputado del sol azteca, Juan Manuel Cambr\u00f3n, present\u00f3 una iniciativa que tiene como prop\u00f3sito, el crear la Fiscal\u00eda Especializada para la Atenci\u00f3n de Grupos Vulnerables, como parte de la estructura org\u00e1nica de la Procuradur\u00eda General de Justicia del Estado de Tlaxcala, para materializar la atenci\u00f3n especializada cuando alguna persona de las que integran dichos [&hellip;]<\/p>\n","protected":false},"author":3,"featured_media":25737,"comment_status":"open","ping_status":"open","sticky":false,"template":"","format":"standard","meta":{"footnotes":""},"categories":[7],"tags":[],"class_list":["post-25736","post","type-post","status-publish","format-standard","has-post-thumbnail","hentry","category-ciudadanos"],"amp_enabled":true,"_links":{"self":[{"href":"https:\/\/labestiapolitica.com.mx\/index.php?rest_route=\/wp\/v2\/posts\/25736","targetHints":{"allow":["GET"]}}],"collection":[{"href":"https:\/\/labestiapolitica.com.mx\/index.php?rest_route=\/wp\/v2\/posts"}],"about":[{"href":"https:\/\/labestiapolitica.com.mx\/index.php?rest_route=\/wp\/v2\/types\/post"}],"author":[{"embeddable":true,"href":"https:\/\/labestiapolitica.com.mx\/index.php?rest_route=\/wp\/v2\/users\/3"}],"replies":[{"embeddable":true,"href":"https:\/\/labestiapolitica.com.mx\/index.php?rest_route=%2Fwp%2Fv2%2Fcomments&post=25736"}],"version-history":[{"count":1,"href":"https:\/\/labestiapolitica.com.mx\/index.php?rest_route=\/wp\/v2\/posts\/25736\/revisions"}],"predecessor-version":[{"id":25738,"href":"https:\/\/labestiapolitica.com.mx\/index.php?rest_route=\/wp\/v2\/posts\/25736\/revisions\/25738"}],"wp:featuredmedia":[{"embeddable":true,"href":"https:\/\/labestiapolitica.com.mx\/index.php?rest_route=\/wp\/v2\/media\/25737"}],"wp:attachment":[{"href":"https:\/\/labestiapolitica.com.mx\/index.php?rest_route=%2Fwp%2Fv2%2Fmedia&parent=25736"}],"wp:term":[{"taxonomy":"category","embeddable":true,"href":"https:\/\/labestiapolitica.com.mx\/index.php?rest_route=%2Fwp%2Fv2%2Fcategories&post=25736"},{"taxonomy":"post_tag","embeddable":true,"href":"https:\/\/labestiapolitica.com.mx\/index.php?rest_route=%2Fwp%2Fv2%2Ftags&post=25736"}],"curies":[{"name":"wp","href":"https:\/\/api.w.org\/{rel}","templated":true}]}}