{"id":25761,"date":"2024-03-14T17:20:31","date_gmt":"2024-03-14T23:20:31","guid":{"rendered":"https:\/\/labestiapolitica.com.mx\/?p=25761"},"modified":"2024-03-18T13:57:03","modified_gmt":"2024-03-18T19:57:03","slug":"ray-vazquez-se-une-a-la-lucha-por-la-equidad-y-el-bienestar-en-ixtacuixtla","status":"publish","type":"post","link":"https:\/\/labestiapolitica.com.mx\/?p=25761","title":{"rendered":"Ray V\u00e1zquez se une a la lucha por la equidad y el bienestar en Ixtacuixtla."},"content":{"rendered":"<p style=\"text-align: justify;\">Fabiola Marqu\u00e9z<\/p>\n<p>El candidato a Diputado Federal del Distrito 02 de la coalici\u00f3n \u201cSigamos Haciendo Historia\u201d, Raymundo V\u00e1zquez Conchas, reafirm\u00f3 su compromiso con la equidad de g\u00e9nero y el bienestar social de Santa Justina Ecatepec, municipio de Ixtacuixtla.<\/p>\n<p>En una reuni\u00f3n con mujeres de la comunidad, el abanderado de Morena, PVEM y PT, resalt\u00f3 que tiene la voluntad para promover leyes que garanticen la igualdad y justicia en la sociedad, reconociendo la importancia del D\u00eda Internacional de la Mujer y destacando la necesidad de acciones concretas para generar un impacto positivo.<\/p>\n<p>Adem\u00e1s, particip\u00f3 en actividades comunitarias como una sesi\u00f3n de zumba, demostrando su cercan\u00eda y compromiso con los ciudadanas.<\/p>\n<p>\u201cReconozco y aplaudo su labor. Les aseguro que no vengo a prometer, sino a actuar. Soy conocido por ser un hombre de acciones, no solo de palabras\u201d, indic\u00f3.<\/p>\n<p>Asimismo, el candidato dijo reconocer y aplaudir el papel de la mujer en la sociedad, por lo que, asegur\u00f3 que no visita a las comunidades para prometer, sino para actuar, al lado de la pr\u00f3xima y primera presidenta de M\u00e9xico, Claudia Sheinbaum.<\/p>\n","protected":false},"excerpt":{"rendered":"<p>Fabiola Marqu\u00e9z El candidato a Diputado Federal del Distrito 02 de la coalici\u00f3n \u201cSigamos Haciendo Historia\u201d, Raymundo V\u00e1zquez Conchas, reafirm\u00f3 su compromiso con la equidad de g\u00e9nero y el bienestar social de Santa Justina Ecatepec, municipio de Ixtacuixtla. En una reuni\u00f3n con mujeres de la comunidad, el abanderado de Morena, PVEM y PT, resalt\u00f3 que [&hellip;]<\/p>\n","protected":false},"author":3,"featured_media":25762,"comment_status":"open","ping_status":"open","sticky":false,"template":"","format":"standard","meta":{"footnotes":""},"categories":[12],"tags":[],"class_list":["post-25761","post","type-post","status-publish","format-standard","has-post-thumbnail","hentry","category-brujula-2026"],"amp_enabled":true,"_links":{"self":[{"href":"https:\/\/labestiapolitica.com.mx\/index.php?rest_route=\/wp\/v2\/posts\/25761","targetHints":{"allow":["GET"]}}],"collection":[{"href":"https:\/\/labestiapolitica.com.mx\/index.php?rest_route=\/wp\/v2\/posts"}],"about":[{"href":"https:\/\/labestiapolitica.com.mx\/index.php?rest_route=\/wp\/v2\/types\/post"}],"author":[{"embeddable":true,"href":"https:\/\/labestiapolitica.com.mx\/index.php?rest_route=\/wp\/v2\/users\/3"}],"replies":[{"embeddable":true,"href":"https:\/\/labestiapolitica.com.mx\/index.php?rest_route=%2Fwp%2Fv2%2Fcomments&post=25761"}],"version-history":[{"count":2,"href":"https:\/\/labestiapolitica.com.mx\/index.php?rest_route=\/wp\/v2\/posts\/25761\/revisions"}],"predecessor-version":[{"id":25812,"href":"https:\/\/labestiapolitica.com.mx\/index.php?rest_route=\/wp\/v2\/posts\/25761\/revisions\/25812"}],"wp:featuredmedia":[{"embeddable":true,"href":"https:\/\/labestiapolitica.com.mx\/index.php?rest_route=\/wp\/v2\/media\/25762"}],"wp:attachment":[{"href":"https:\/\/labestiapolitica.com.mx\/index.php?rest_route=%2Fwp%2Fv2%2Fmedia&parent=25761"}],"wp:term":[{"taxonomy":"category","embeddable":true,"href":"https:\/\/labestiapolitica.com.mx\/index.php?rest_route=%2Fwp%2Fv2%2Fcategories&post=25761"},{"taxonomy":"post_tag","embeddable":true,"href":"https:\/\/labestiapolitica.com.mx\/index.php?rest_route=%2Fwp%2Fv2%2Ftags&post=25761"}],"curies":[{"name":"wp","href":"https:\/\/api.w.org\/{rel}","templated":true}]}}