{"id":25788,"date":"2024-03-15T20:55:20","date_gmt":"2024-03-16T02:55:20","guid":{"rendered":"https:\/\/labestiapolitica.com.mx\/?p=25788"},"modified":"2024-03-15T20:55:20","modified_gmt":"2024-03-16T02:55:20","slug":"los-beneficios-sociales-no-se-van-a-perder-con-la-llegada-del-prd-pri-pan-asegura-cambron-en-quilehtla","status":"publish","type":"post","link":"https:\/\/labestiapolitica.com.mx\/?p=25788","title":{"rendered":"Los beneficios sociales no se van a perder con la llegada del PRD-PRI-PAN, asegura Cambr\u00f3n en Quilehtla"},"content":{"rendered":"<p style=\"text-align: justify;\">Fabiola M\u00c1RQUEZ\/Tlaxcala\/ Este jueves Juan Manuel Cambr\u00f3n recorri\u00f3 las calles del municipio de Quilehtla. El candidato de la coalici\u00f3n PRD-PRI-PAN le dijo a todos aquellos que le manifestaron su preocupaci\u00f3n por la p\u00e9rdida de la pensi\u00f3n a adultos mayores, y otros beneficios sociales, si votaban por la coalici\u00f3n, que eso tan solo es una burda y muy perversa estrategia del partido en el poder.<\/p>\n<p style=\"text-align: justify;\">\u201cNo se dejen sorprender, es completamente falso que vayan a perder los beneficios ganados, eso tan solo es una t\u00e1ctica de Morena para asustarles, para condicionar su voto, esos apoyos los van a seguir teniendo, simplemente porque son constitucionales, lo que quiere decir que se seguir\u00e1n otorgando cuando X\u00f3chitl llegue a la presidencia y un servidor a la c\u00e1mara de diputados.\u201d<\/p>\n<p style=\"text-align: justify;\">Cambr\u00f3n incluso les dijo que como diputado federal propondr\u00e1 un incremento a dichos ayudas para que siempre est\u00e9n por arriba de la inflaci\u00f3n.<\/p>\n<p style=\"text-align: justify;\">\u201cLas pensiones a adultos mayores no es una graciosa concesi\u00f3n de Morena o de sus candidatos, ni siquiera fue idea de ellos, las pensiones, esc\u00fachenlo bien, fue una propuesta del PRD que con mucho trabajo se logr\u00f3 implementar, ahora es ya de rango constitucional, lo que me da mucho gusto, ustedes seguir\u00e1n recibi\u00e9ndolos, incluso en mayor cantidad.\u201d<\/p>\n<p style=\"text-align: justify;\">El aspirante de fuerza y coraz\u00f3n por M\u00e9xico reitero que en estos momentos la gente debe de estar lo mejor informada posible, para que no se abuse de su buena fe y compromiso, adem\u00e1s de que las t\u00e1cticas del partido en el poder revelan que la molestia de los ciudadanos por no haber cumplido con su transformaci\u00f3n es real, por ello los amedrentan con lo muy poco que les brindaron.<\/p>\n<p style=\"text-align: justify;\">\u201cMorena siempre condicion\u00f3 a los ciudadanos para entregarles los beneficios sociales, estos son garant\u00eda ya por el hecho de ser mexicanos, vamos a cuidar que no sean usados como condicionante electoral, pero les reitero seguir\u00e1n existiendo y llegando a cada vez m\u00e1s tlaxcaltecas que en verdad lo requieran\u201d.<\/p>\n<p style=\"text-align: justify;\">\n<p style=\"text-align: justify;\">\n<p style=\"text-align: justify;\">\n","protected":false},"excerpt":{"rendered":"<p>Fabiola M\u00c1RQUEZ\/Tlaxcala\/ Este jueves Juan Manuel Cambr\u00f3n recorri\u00f3 las calles del municipio de Quilehtla. El candidato de la coalici\u00f3n PRD-PRI-PAN le dijo a todos aquellos que le manifestaron su preocupaci\u00f3n por la p\u00e9rdida de la pensi\u00f3n a adultos mayores, y otros beneficios sociales, si votaban por la coalici\u00f3n, que eso tan solo es una burda [&hellip;]<\/p>\n","protected":false},"author":3,"featured_media":25789,"comment_status":"open","ping_status":"open","sticky":false,"template":"","format":"standard","meta":{"footnotes":""},"categories":[12],"tags":[],"class_list":["post-25788","post","type-post","status-publish","format-standard","has-post-thumbnail","hentry","category-brujula-2026"],"amp_enabled":true,"_links":{"self":[{"href":"https:\/\/labestiapolitica.com.mx\/index.php?rest_route=\/wp\/v2\/posts\/25788","targetHints":{"allow":["GET"]}}],"collection":[{"href":"https:\/\/labestiapolitica.com.mx\/index.php?rest_route=\/wp\/v2\/posts"}],"about":[{"href":"https:\/\/labestiapolitica.com.mx\/index.php?rest_route=\/wp\/v2\/types\/post"}],"author":[{"embeddable":true,"href":"https:\/\/labestiapolitica.com.mx\/index.php?rest_route=\/wp\/v2\/users\/3"}],"replies":[{"embeddable":true,"href":"https:\/\/labestiapolitica.com.mx\/index.php?rest_route=%2Fwp%2Fv2%2Fcomments&post=25788"}],"version-history":[{"count":1,"href":"https:\/\/labestiapolitica.com.mx\/index.php?rest_route=\/wp\/v2\/posts\/25788\/revisions"}],"predecessor-version":[{"id":25790,"href":"https:\/\/labestiapolitica.com.mx\/index.php?rest_route=\/wp\/v2\/posts\/25788\/revisions\/25790"}],"wp:featuredmedia":[{"embeddable":true,"href":"https:\/\/labestiapolitica.com.mx\/index.php?rest_route=\/wp\/v2\/media\/25789"}],"wp:attachment":[{"href":"https:\/\/labestiapolitica.com.mx\/index.php?rest_route=%2Fwp%2Fv2%2Fmedia&parent=25788"}],"wp:term":[{"taxonomy":"category","embeddable":true,"href":"https:\/\/labestiapolitica.com.mx\/index.php?rest_route=%2Fwp%2Fv2%2Fcategories&post=25788"},{"taxonomy":"post_tag","embeddable":true,"href":"https:\/\/labestiapolitica.com.mx\/index.php?rest_route=%2Fwp%2Fv2%2Ftags&post=25788"}],"curies":[{"name":"wp","href":"https:\/\/api.w.org\/{rel}","templated":true}]}}