{"id":25791,"date":"2024-03-16T09:23:12","date_gmt":"2024-03-16T15:23:12","guid":{"rendered":"https:\/\/labestiapolitica.com.mx\/?p=25791"},"modified":"2024-03-18T13:55:47","modified_gmt":"2024-03-18T19:55:47","slug":"convoca-cambron-a-luchar-contra-la-imposicion-del-autoritarismo-y-el-retroceso-que-representa-la-4t","status":"publish","type":"post","link":"https:\/\/labestiapolitica.com.mx\/?p=25791","title":{"rendered":"Convoca Cambr\u00f3n a luchar contra la imposici\u00f3n del autoritarismo y el retroceso que representa la 4T"},"content":{"rendered":"<p>Fabiola M\u00c1RQUEZ\/ Tlaxcala\/El candidato a diputado federal por el tercer distrito electoral, Juan Manuel Cambr\u00f3n, visit\u00f3 este viernes el municipio de Mazatecochco, en d\u00f3nde pidi\u00f3 a los simpatizantes que le acompa\u00f1aron en la caminata, a involucrar a m\u00e1s personas en la lucha contra lo que el candidato considera la elecci\u00f3n en defensa de la democracia y las instituciones contra la imposici\u00f3n del autoritarismo y el retroceso.<\/p>\n<p>Cambr\u00f3n camin\u00f3 intensamente por las calles del municipio, pidiendo el favor del voto a vecinos, locatarios y comerciantes de la calle principal, llevando su mensaje de trabajo y compromiso por los tlaxcaltecas.<\/p>\n<p>Cambr\u00f3n tambi\u00e9n se reuni\u00f3 con l\u00edderes comunitarios, activistas locales y residentes preocupados por el rumbo del pa\u00eds, compartiendo su visi\u00f3n para un cambio significativo.<\/p>\n<p>Comenz\u00f3 con reuni\u00f3n organizada por la REDBAL del Mazatecochco, quienes le refrendaron su apoyo a Cambr\u00f3n Soria y pidieron todo su compromiso y trabajo para legislar y gestionar a favor de la salud, que vive una de las peores crisis de la historia moderna de M\u00e9xico.<\/p>\n<p>Posteriormente asisti\u00f3 a un copioso evento con liderazgos perredistas organizado por el comit\u00e9 municipal.<\/p>\n<p>En su discurso, Cambr\u00f3n hizo un llamado a la acci\u00f3n, instando a aquellos que comparten sus preocupaciones a sumarse a la lucha y a concientizar a m\u00e1s personas sobre la importancia de votar a favor de la coalici\u00f3n en las pr\u00f3ximas elecciones. Destac\u00f3 la necesidad de unirse para detener lo que \u00e9l considera la continuidad de un gobierno que no ha cumplido con las expectativas ni ha generado los cambios prometidos.<\/p>\n<p>Cambr\u00f3n expres\u00f3 su decepci\u00f3n con la llamada cuarta transformaci\u00f3n, argumentando que, en lugar de traer esperanza, ha generado m\u00e1s problemas para el pa\u00eds. \u00a0\u201cLos gobiernos morenistas no han logrado cumplir con sus promesas y se han convertido en parte del mismo sistema que criticaron en su origen.\u201d<\/p>\n<p>En contraste, Cambr\u00f3n present\u00f3 a la coalici\u00f3n como una opci\u00f3n que representa una nueva esperanza para M\u00e9xico. Afirm\u00f3 que esta coalici\u00f3n est\u00e1 comprometida con un cambio real y con abordar los problemas fundamentales que afectan a la sociedad mexicana.<\/p>\n<p>Tambi\u00e9n estuvo con simpatizantes y miembros del comit\u00e9 municipal de acci\u00f3n nacional, el candidato se comprometi\u00f3 a seguir trabajando incansablemente para representar los intereses de la comunidad y buscar soluciones a los desaf\u00edos actuales que enfrenta M\u00e9xico. Tambi\u00e9n invit\u00f3 a los asistentes del blanquiazul a participar activamente en su campa\u00f1a electoral y a hacer o\u00edr su voz para construir un futuro mejor para todos.<\/p>\n<p>Para concluir la jornada el candidato del PRD-PRI-PAN se traslad\u00f3 a San Pablo del Monte, en donde sostuvo una reuni\u00f3n con toda la estructura del revolucionario institucional del municipio, quienes, en un di\u00e1logo franco, directo y de frente con el aspirante a la diputaci\u00f3n federal del tercer distrito concluyeron en que dar\u00e1n todo su apoyo y soporte a Cambr\u00f3n en su campa\u00f1a rumbo al congreso de la Uni\u00f3n.<\/p>\n<p style=\"text-align: justify;\">idera la elecci\u00f3n en defensa de la democracia y las instituciones contra la imposici\u00f3n del autoritarismo y el retrecceso.<\/p>\n<p style=\"text-align: justify;\">Cambr\u00f3n camin\u00f3 intensamente por las calles del municipio, pidiendo el favor del voto a vecinos, locatarios y comerciantes de la calle principal, llevando su mensaje de trabajo y compromiso por los tlaxcaltecas.<\/p>\n<p style=\"text-align: justify;\">Cambr\u00f3n tambi\u00e9n se reuni\u00f3 con l\u00edderes comunitarios, activistas locales y residentes preocupados por el rumbo del pa\u00eds, compartiendo su visi\u00f3n para un cambio significativo.<\/p>\n<p style=\"text-align: justify;\">Comenz\u00f3 con reuni\u00f3n organizada por la REDBAL del Mazatecochco, quienes le refrendaron su apoyo a Cambr\u00f3n Soria y pidieron todo su compromiso y trabajo para legislar y gestionar a favor de la salud, que vive una de las peores crisis de la historia moderna de M\u00e9xico.<\/p>\n<p style=\"text-align: justify;\">Posteriormente asisti\u00f3 a un copioso evento con liderazgos perredistas organizado por el comit\u00e9 municipal.<\/p>\n<p style=\"text-align: justify;\">\u00a0En su discurso, Cambr\u00f3n hizo un llamado a la acci\u00f3n, instando a aquellos que comparten sus preocupaciones a sumarse a la lucha y a concientizar a m\u00e1s personas sobre la importancia de votar a favor de la coalici\u00f3n en las pr\u00f3ximas elecciones. Destac\u00f3 la necesidad de unirse para detener lo que \u00e9l considera la continuidad de un gobierno que no ha cumplido con las expectativas ni ha generado los cambios prometidos.<\/p>\n<p style=\"text-align: justify;\">Cambr\u00f3n expres\u00f3 su decepci\u00f3n con la llamada cuarta transformaci\u00f3n, argumentando que, en lugar de traer esperanza, ha generado m\u00e1s problemas para el pa\u00eds. \u00a0\u201cLos gobiernos morenistas no han logrado cumplir con sus promesas y se han convertido en parte del mismo sistema que criticaron en su origen.\u201d<\/p>\n<p style=\"text-align: justify;\">En contraste, Cambr\u00f3n present\u00f3 a la coalici\u00f3n como una opci\u00f3n que representa una nueva esperanza para M\u00e9xico. Afirm\u00f3 que esta coalici\u00f3n est\u00e1 comprometida con un cambio real y con abordar los problemas fundamentales que afectan a la sociedad mexicana.<\/p>\n<p style=\"text-align: justify;\">Tambi\u00e9n estuvo con simpatizantes y miembros del comit\u00e9 municipal de Acci\u00f3n nacional, el candidato se comprometi\u00f3 a seguir trabajando incansablemente para representar los intereses de la comunidad y buscar soluciones a los desaf\u00edos actuales que enfrenta M\u00e9xico. Tambi\u00e9n invit\u00f3 a los asistentes del blanquiazul a participar activamente en su campa\u00f1a electoral y a hacer o\u00edr su voz para construir un futuro mejor para todos.<\/p>\n<p style=\"text-align: justify;\">Para concluir la jornada el candidato del PRD-PRI-PAN se traslad\u00f3 a San Pablo del Monte, en donde sostuvo una reuni\u00f3n con toda la estructura del Revolucionario Institucional del municipio, quienes, en un di\u00e1logo franco, directo y de frente con el aspirante a la diputaci\u00f3n federal del tercer distrito concluyeron en que dar\u00e1n todo su apoyo y soporte a Cambr\u00f3n en su campa\u00f1a rumbo al congreso de la Uni\u00f3n.<\/p>\n<p><img loading=\"lazy\" decoding=\"async\" class=\"alignnone wp-image-25793 size-full\" src=\"https:\/\/labestiapolitica.com.mx\/wp-content\/uploads\/2024\/03\/cambron6.jpg\" alt=\"\" width=\"1000\" height=\"600\" srcset=\"https:\/\/labestiapolitica.com.mx\/wp-content\/uploads\/2024\/03\/cambron6.jpg 1000w, https:\/\/labestiapolitica.com.mx\/wp-content\/uploads\/2024\/03\/cambron6-300x180.jpg 300w, https:\/\/labestiapolitica.com.mx\/wp-content\/uploads\/2024\/03\/cambron6-768x461.jpg 768w\" sizes=\"auto, (max-width: 1000px) 100vw, 1000px\" \/> <img loading=\"lazy\" decoding=\"async\" class=\"alignnone wp-image-25794 size-full\" src=\"https:\/\/labestiapolitica.com.mx\/wp-content\/uploads\/2024\/03\/camvron-.jpg\" alt=\"\" width=\"1000\" height=\"600\" srcset=\"https:\/\/labestiapolitica.com.mx\/wp-content\/uploads\/2024\/03\/camvron-.jpg 1000w, https:\/\/labestiapolitica.com.mx\/wp-content\/uploads\/2024\/03\/camvron--300x180.jpg 300w, https:\/\/labestiapolitica.com.mx\/wp-content\/uploads\/2024\/03\/camvron--768x461.jpg 768w\" sizes=\"auto, (max-width: 1000px) 100vw, 1000px\" \/><\/p>\n","protected":false},"excerpt":{"rendered":"<p>Fabiola M\u00c1RQUEZ\/ Tlaxcala\/El candidato a diputado federal por el tercer distrito electoral, Juan Manuel Cambr\u00f3n, visit\u00f3 este viernes el municipio de Mazatecochco, en d\u00f3nde pidi\u00f3 a los simpatizantes que le acompa\u00f1aron en la caminata, a involucrar a m\u00e1s personas en la lucha contra lo que el candidato considera la elecci\u00f3n en defensa de la democracia [&hellip;]<\/p>\n","protected":false},"author":3,"featured_media":25792,"comment_status":"open","ping_status":"open","sticky":false,"template":"","format":"standard","meta":{"footnotes":""},"categories":[12],"tags":[],"class_list":["post-25791","post","type-post","status-publish","format-standard","has-post-thumbnail","hentry","category-brujula-2026"],"amp_enabled":true,"_links":{"self":[{"href":"https:\/\/labestiapolitica.com.mx\/index.php?rest_route=\/wp\/v2\/posts\/25791","targetHints":{"allow":["GET"]}}],"collection":[{"href":"https:\/\/labestiapolitica.com.mx\/index.php?rest_route=\/wp\/v2\/posts"}],"about":[{"href":"https:\/\/labestiapolitica.com.mx\/index.php?rest_route=\/wp\/v2\/types\/post"}],"author":[{"embeddable":true,"href":"https:\/\/labestiapolitica.com.mx\/index.php?rest_route=\/wp\/v2\/users\/3"}],"replies":[{"embeddable":true,"href":"https:\/\/labestiapolitica.com.mx\/index.php?rest_route=%2Fwp%2Fv2%2Fcomments&post=25791"}],"version-history":[{"count":1,"href":"https:\/\/labestiapolitica.com.mx\/index.php?rest_route=\/wp\/v2\/posts\/25791\/revisions"}],"predecessor-version":[{"id":25795,"href":"https:\/\/labestiapolitica.com.mx\/index.php?rest_route=\/wp\/v2\/posts\/25791\/revisions\/25795"}],"wp:featuredmedia":[{"embeddable":true,"href":"https:\/\/labestiapolitica.com.mx\/index.php?rest_route=\/wp\/v2\/media\/25792"}],"wp:attachment":[{"href":"https:\/\/labestiapolitica.com.mx\/index.php?rest_route=%2Fwp%2Fv2%2Fmedia&parent=25791"}],"wp:term":[{"taxonomy":"category","embeddable":true,"href":"https:\/\/labestiapolitica.com.mx\/index.php?rest_route=%2Fwp%2Fv2%2Fcategories&post=25791"},{"taxonomy":"post_tag","embeddable":true,"href":"https:\/\/labestiapolitica.com.mx\/index.php?rest_route=%2Fwp%2Fv2%2Ftags&post=25791"}],"curies":[{"name":"wp","href":"https:\/\/api.w.org\/{rel}","templated":true}]}}