{"id":25796,"date":"2024-03-16T09:28:17","date_gmt":"2024-03-16T15:28:17","guid":{"rendered":"https:\/\/labestiapolitica.com.mx\/?p=25796"},"modified":"2024-03-18T13:55:22","modified_gmt":"2024-03-18T19:55:22","slug":"carlos-pimentel-compromiso-y-experiencia-al-servicio-de-huamantla","status":"publish","type":"post","link":"https:\/\/labestiapolitica.com.mx\/?p=25796","title":{"rendered":"Carlos Pimentel: Compromiso y Experiencia al Servicio de Huamantla"},"content":{"rendered":"<p style=\"text-align: justify;\">Jeserh MEJ\u00cdA\/A lo largo de su carrera, Pimentel ha desempe\u00f1ado roles clave que han forjado su habilidad para liderar con integridad. Desde la coordinaci\u00f3n en el sector de la inform\u00e1tica hasta la direcci\u00f3n general en instituciones financieras y de seguridad social, ha demostrado una habilidad \u00fanica para la gesti\u00f3n de proyectos y recursos. Su paso por diversas comisiones del Congreso de la Uni\u00f3n y su papel como asesor en distintas administraciones le han proporcionado una perspectiva amplia sobre la administraci\u00f3n p\u00fablica y las necesidades de la ciudadan\u00eda.<br \/>\nCon treinta a\u00f1os de experiencia en administraci\u00f3n p\u00fablica y un profundo lazo con Huamantla, Carlos Pimentel emerge como la nueva figura de la esperanza para el municipio en las pr\u00f3ximas elecciones.<\/p>\n<p style=\"text-align: justify;\">Su carrera, marcada por el aprendizaje constante y un vasto conocimiento t\u00e9cnico y pol\u00edtico, lo posiciona como un posible candidato ideal para la alcald\u00eda por morena para Huamantla. No es solo su experiencia lo que lo destaca, su compromiso con devolver a Huamantla los beneficios que \u00e9l y su familia han recibido del municipio a lo largo de los a\u00f1os.<\/p>\n<p style=\"text-align: justify;\">. Creciendo en el seno de una familia humilde, con una madre costurera y un padre ferrocarrilero, aprendi\u00f3 el significado del trabajo duro y la superaci\u00f3n. Estas lecciones de vida han sido la gu\u00eda en su extenso servicio p\u00fablico, un servicio que ha estado plagado de retos pero tambi\u00e9n de triunfos significativos<\/p>\n<p style=\"text-align: justify;\">Como pilar de su campa\u00f1a, Pimentel se compromete a enfrentar y erradicar las pr\u00e1cticas de enga\u00f1o que han empa\u00f1ado la pol\u00edtica en Huamantla, buscando restablecer la confianza entre los ciudadanos y su gobierno. La seguridad, la infraestructura h\u00eddrica, la salud y el apoyo a sectores vulnerables est\u00e1n en el centro de su programa, reconociendo que solo mediante la colaboraci\u00f3n entre los distintos niveles de gobierno se pueden lograr avances significativos.<\/p>\n<p style=\"text-align: justify;\">Su curr\u00edculum es testigo de su preparaci\u00f3n y versatilidad. Desde roles t\u00e9cnicos hasta posiciones de liderazgo estrat\u00e9gico, ha navegado por el complejo entramado gubernamental con una visi\u00f3n de progreso y equidad. Ahora, esa visi\u00f3n est\u00e1 puesta en Huamantla, buscando dar un giro que priorice el bienestar colectivo sobre los intereses particulares.<\/p>\n","protected":false},"excerpt":{"rendered":"<p>Jeserh MEJ\u00cdA\/A lo largo de su carrera, Pimentel ha desempe\u00f1ado roles clave que han forjado su habilidad para liderar con integridad. Desde la coordinaci\u00f3n en el sector de la inform\u00e1tica hasta la direcci\u00f3n general en instituciones financieras y de seguridad social, ha demostrado una habilidad \u00fanica para la gesti\u00f3n de proyectos y recursos. Su paso [&hellip;]<\/p>\n","protected":false},"author":3,"featured_media":25797,"comment_status":"open","ping_status":"open","sticky":false,"template":"","format":"standard","meta":{"footnotes":""},"categories":[12],"tags":[],"class_list":["post-25796","post","type-post","status-publish","format-standard","has-post-thumbnail","hentry","category-brujula-2026"],"amp_enabled":true,"_links":{"self":[{"href":"https:\/\/labestiapolitica.com.mx\/index.php?rest_route=\/wp\/v2\/posts\/25796","targetHints":{"allow":["GET"]}}],"collection":[{"href":"https:\/\/labestiapolitica.com.mx\/index.php?rest_route=\/wp\/v2\/posts"}],"about":[{"href":"https:\/\/labestiapolitica.com.mx\/index.php?rest_route=\/wp\/v2\/types\/post"}],"author":[{"embeddable":true,"href":"https:\/\/labestiapolitica.com.mx\/index.php?rest_route=\/wp\/v2\/users\/3"}],"replies":[{"embeddable":true,"href":"https:\/\/labestiapolitica.com.mx\/index.php?rest_route=%2Fwp%2Fv2%2Fcomments&post=25796"}],"version-history":[{"count":2,"href":"https:\/\/labestiapolitica.com.mx\/index.php?rest_route=\/wp\/v2\/posts\/25796\/revisions"}],"predecessor-version":[{"id":25810,"href":"https:\/\/labestiapolitica.com.mx\/index.php?rest_route=\/wp\/v2\/posts\/25796\/revisions\/25810"}],"wp:featuredmedia":[{"embeddable":true,"href":"https:\/\/labestiapolitica.com.mx\/index.php?rest_route=\/wp\/v2\/media\/25797"}],"wp:attachment":[{"href":"https:\/\/labestiapolitica.com.mx\/index.php?rest_route=%2Fwp%2Fv2%2Fmedia&parent=25796"}],"wp:term":[{"taxonomy":"category","embeddable":true,"href":"https:\/\/labestiapolitica.com.mx\/index.php?rest_route=%2Fwp%2Fv2%2Fcategories&post=25796"},{"taxonomy":"post_tag","embeddable":true,"href":"https:\/\/labestiapolitica.com.mx\/index.php?rest_route=%2Fwp%2Fv2%2Ftags&post=25796"}],"curies":[{"name":"wp","href":"https:\/\/api.w.org\/{rel}","templated":true}]}}