{"id":25800,"date":"2024-03-17T09:57:13","date_gmt":"2024-03-17T15:57:13","guid":{"rendered":"https:\/\/labestiapolitica.com.mx\/?p=25800"},"modified":"2024-03-18T13:55:35","modified_gmt":"2024-03-18T19:55:35","slug":"pobladores-de-san-pablo-del-monte-expresan-su-desconfianza-hacia-los-politicos-tradicionales-y-piden-a-cambron-acciones-concretas","status":"publish","type":"post","link":"https:\/\/labestiapolitica.com.mx\/?p=25800","title":{"rendered":"Pobladores de San Pablo del Monte expresan su desconfianza hacia los pol\u00edticos tradicionales y piden a Cambr\u00f3n acciones concretas."},"content":{"rendered":"<p><img loading=\"lazy\" decoding=\"async\" class=\"alignnone wp-image-25802 size-full\" src=\"https:\/\/labestiapolitica.com.mx\/wp-content\/uploads\/2024\/03\/MANUEL-.jpg\" alt=\"\" width=\"1000\" height=\"600\" srcset=\"https:\/\/labestiapolitica.com.mx\/wp-content\/uploads\/2024\/03\/MANUEL-.jpg 1000w, https:\/\/labestiapolitica.com.mx\/wp-content\/uploads\/2024\/03\/MANUEL--300x180.jpg 300w, https:\/\/labestiapolitica.com.mx\/wp-content\/uploads\/2024\/03\/MANUEL--768x461.jpg 768w\" sizes=\"auto, (max-width: 1000px) 100vw, 1000px\" \/><\/p>\n<p style=\"text-align: justify;\">Fabiola M\u00c1RQUEZ\/ Luego de una caminata por el Barrio de Jes\u00fas y una reuni\u00f3n con vecinos de la localidad en San Pablo del Monte, el candidato Juan Manuel Cambr\u00f3n de la coalici\u00f3n fuerza y coraz\u00f3n por M\u00e9xico dijo comprender la franca desconfianza de los pobladores hacia los pol\u00edticos tradicionales. Los ciudadanos expresaron su frustraci\u00f3n ante la falta de acciones concretas por parte de las autoridades, quienes solo parecen interesadas en obtener el voto durante las elecciones para luego desaparecer.<\/p>\n<p style=\"text-align: justify;\">Los habitantes de San Pablo del Monte hicieron hincapi\u00e9 en que la prometida cuarta transformaci\u00f3n nunca ha llegado a su comunidad. Se\u00f1alaron problemas urgentes como la inseguridad, la escasez de agua, la falta de m\u00e9dicos y medicamentos en las cl\u00ednicas locales, as\u00ed como la ausencia de desarrollo y obra p\u00fablica en la regi\u00f3n.<\/p>\n<p style=\"text-align: justify;\">Ante estas demandas y el profundo escepticismo de la poblaci\u00f3n, Juan Manuel Cambr\u00f3n reconoci\u00f3 la magnitud del desaf\u00edo y la importancia de esta elecci\u00f3n como una oportunidad crucial para recuperar la confianza de la ciudadan\u00eda. Cambr\u00f3n dijo que su mejor carta de presentaci\u00f3n, no es llegar a decir que va a hacer sino lo que ya ha hecho como diputado local, por lo que su compromiso a trabajar no es algo que sea promesa sino ya un hecho consumado, por lo que dijo que se mantendr\u00e1 en esa l\u00ednea de compromiso, con acciones tangibles para brindar lo que est\u00e9 en sus manos como legislador federal para brindar la ayuda necesaria a los problemas que aquejan a San Pablo del Monte.<\/p>\n<p style=\"text-align: justify;\">\u00abEstamos ante la \u00faltima gran oportunidad de ganar la confianza de la gente. Entendemos su descontento y estamos comprometidos. Nuestro compromiso es enorme y vamos a trabajar sin descanso para cumplir con nuestras responsabilidades y legislar a favor de la gente y de sus causas\u201d.<\/p>\n<p style=\"text-align: justify;\">El candidato a la diputaci\u00f3n federal por el tercer distrito asegur\u00f3 que se mantendr\u00e1 atento a las demandas de la ciudadan\u00eda y a trabajar de manera transparente y colaborativa para encontrar soluciones reales a los problemas que enfrenta San Pablo del Monte y todo el tercer distrito electoral.<\/p>\n<p style=\"text-align: justify;\">\u201cNo ser\u00eda correcto decirles que yo voy a solucionar todos los problemas, eso es imposible, ser\u00eda una mentira cl\u00e1sica y tradicional de los que ahora ocupan los cargos, lo que si les puedo garantizar es que todo aquello que est\u00e9 en mis manos y en mi quehacer legislativo pueden contar con que lo har\u00e9 de la mejor manera buscando el beneficio de todos\u201d<\/p>\n","protected":false},"excerpt":{"rendered":"<p>Fabiola M\u00c1RQUEZ\/ Luego de una caminata por el Barrio de Jes\u00fas y una reuni\u00f3n con vecinos de la localidad en San Pablo del Monte, el candidato Juan Manuel Cambr\u00f3n de la coalici\u00f3n fuerza y coraz\u00f3n por M\u00e9xico dijo comprender la franca desconfianza de los pobladores hacia los pol\u00edticos tradicionales. Los ciudadanos expresaron su frustraci\u00f3n ante [&hellip;]<\/p>\n","protected":false},"author":3,"featured_media":25801,"comment_status":"open","ping_status":"open","sticky":false,"template":"","format":"standard","meta":{"footnotes":""},"categories":[12],"tags":[],"class_list":["post-25800","post","type-post","status-publish","format-standard","has-post-thumbnail","hentry","category-brujula-2026"],"amp_enabled":true,"_links":{"self":[{"href":"https:\/\/labestiapolitica.com.mx\/index.php?rest_route=\/wp\/v2\/posts\/25800","targetHints":{"allow":["GET"]}}],"collection":[{"href":"https:\/\/labestiapolitica.com.mx\/index.php?rest_route=\/wp\/v2\/posts"}],"about":[{"href":"https:\/\/labestiapolitica.com.mx\/index.php?rest_route=\/wp\/v2\/types\/post"}],"author":[{"embeddable":true,"href":"https:\/\/labestiapolitica.com.mx\/index.php?rest_route=\/wp\/v2\/users\/3"}],"replies":[{"embeddable":true,"href":"https:\/\/labestiapolitica.com.mx\/index.php?rest_route=%2Fwp%2Fv2%2Fcomments&post=25800"}],"version-history":[{"count":1,"href":"https:\/\/labestiapolitica.com.mx\/index.php?rest_route=\/wp\/v2\/posts\/25800\/revisions"}],"predecessor-version":[{"id":25803,"href":"https:\/\/labestiapolitica.com.mx\/index.php?rest_route=\/wp\/v2\/posts\/25800\/revisions\/25803"}],"wp:featuredmedia":[{"embeddable":true,"href":"https:\/\/labestiapolitica.com.mx\/index.php?rest_route=\/wp\/v2\/media\/25801"}],"wp:attachment":[{"href":"https:\/\/labestiapolitica.com.mx\/index.php?rest_route=%2Fwp%2Fv2%2Fmedia&parent=25800"}],"wp:term":[{"taxonomy":"category","embeddable":true,"href":"https:\/\/labestiapolitica.com.mx\/index.php?rest_route=%2Fwp%2Fv2%2Fcategories&post=25800"},{"taxonomy":"post_tag","embeddable":true,"href":"https:\/\/labestiapolitica.com.mx\/index.php?rest_route=%2Fwp%2Fv2%2Ftags&post=25800"}],"curies":[{"name":"wp","href":"https:\/\/api.w.org\/{rel}","templated":true}]}}