{"id":25807,"date":"2024-03-18T11:45:39","date_gmt":"2024-03-18T17:45:39","guid":{"rendered":"https:\/\/labestiapolitica.com.mx\/?p=25807"},"modified":"2024-03-19T10:14:20","modified_gmt":"2024-03-19T16:14:20","slug":"dialogo-abierto-y-franco-entre-juan-manuel-cambron-y-vecinos-de-contla","status":"publish","type":"post","link":"https:\/\/labestiapolitica.com.mx\/?p=25807","title":{"rendered":"Di\u00e1logo abierto y franco entre Juan Manuel Cambr\u00f3n y vecinos de Contla"},"content":{"rendered":"<p style=\"text-align: justify;\">Fabiola M\u00c1RQUEZ\/ Contla\/ Tlaxcala\/Doble Caminata la que realiz\u00f3 este domingo el Candidato Juan Manuel Cambr\u00f3n en Contla. La primera por la ma\u00f1ana en la Secci\u00f3n s\u00e9ptima y en la tarde por las calles de San Miguel Xaltipan.<\/p>\n<p style=\"text-align: justify;\">El aspirante a la diputaci\u00f3n federal por el tercer distrito por la coalici\u00f3n fuerza y coraz\u00f3n por M\u00e9xico, junto con un grupo entusiasta de partidarios y miembros de la comunidad, tocaron puertas y platicaron con comerciantes, pobladores y transe\u00fantes.<\/p>\n<p style=\"text-align: justify;\">Durante el recorrido, se generaron conversaciones significativas, se escucharon las preocupaciones de los residentes y se compartieron ideas sobre c\u00f3mo mejorar al municipio.<\/p>\n<p style=\"text-align: justify;\">Algunas participaciones y el compromiso de los residentes de Contla fueron inspiradores, manifest\u00f3 Cambr\u00f3n Soria. La energ\u00eda positiva y el deseo de cambio fueron palpables en cada paso de la caminata.<\/p>\n<p style=\"text-align: justify;\">La jornada dominical en Contla evidenci\u00f3 como Juan Manuel Cambr\u00f3n va generando mayor simpat\u00eda y apoyo entre la poblaci\u00f3n local, lo que refuerza su compromiso de trabajar en estrecha colaboraci\u00f3n con la comunidad para lograr un futuro mejor para todos.<\/p>\n<p style=\"text-align: justify;\">El recorrido fue m\u00e1s que una simple caminata; fue un di\u00e1logo abierto y franco entre Juan Manuel Cambr\u00f3n y los habitantes del municipio, con el principal objetivo de construir un futuro m\u00e1s pr\u00f3spero y equitativo para los municipios y el estado de Tlaxcala.<\/p>\n<p style=\"text-align: justify;\">La caminata permiti\u00f3 una conexi\u00f3n aut\u00e9ntica entre Juan Manuel Cambr\u00f3n y los residentes de Contla. La disposici\u00f3n para escuchar, comprender y comprometerse con las necesidades de la gente fue evidente en cada paso que daba el candidato a diputado federal.<\/p>\n<p style=\"text-align: justify;\">Posteriormente sostuvo una reuni\u00f3n con vecinos del centro del municipio, en d\u00f3nde de nueva cuenta el candidato del PRD-PRI-PAN manifest\u00f3 la importancia de que la gente haga un sincero ejercicio de revisi\u00f3n de los distintos aspirantes a la diputaci\u00f3n federal, ya que consider\u00f3 que la gente debe llevar al mejor calificado al congreso de la uni\u00f3n. Por ello Cambr\u00f3n no tiene problema en que la gente revise su trabajo y trayectoria y lo comparen, sabedor de su trabajo, esfuerzo, honestidad y compromiso.<\/p>\n<p style=\"text-align: justify;\">Sin duda una nueva jornada de campa\u00f1a muy productiva para el abanderado de la coalici\u00f3n fuerza y coraz\u00f3n por M\u00e9xico.<\/p>\n<p style=\"text-align: justify;\">\n","protected":false},"excerpt":{"rendered":"<p>Fabiola M\u00c1RQUEZ\/ Contla\/ Tlaxcala\/Doble Caminata la que realiz\u00f3 este domingo el Candidato Juan Manuel Cambr\u00f3n en Contla. La primera por la ma\u00f1ana en la Secci\u00f3n s\u00e9ptima y en la tarde por las calles de San Miguel Xaltipan. El aspirante a la diputaci\u00f3n federal por el tercer distrito por la coalici\u00f3n fuerza y coraz\u00f3n por M\u00e9xico, [&hellip;]<\/p>\n","protected":false},"author":3,"featured_media":25808,"comment_status":"open","ping_status":"open","sticky":false,"template":"","format":"standard","meta":{"footnotes":""},"categories":[12],"tags":[],"class_list":["post-25807","post","type-post","status-publish","format-standard","has-post-thumbnail","hentry","category-brujula-2026"],"amp_enabled":true,"_links":{"self":[{"href":"https:\/\/labestiapolitica.com.mx\/index.php?rest_route=\/wp\/v2\/posts\/25807","targetHints":{"allow":["GET"]}}],"collection":[{"href":"https:\/\/labestiapolitica.com.mx\/index.php?rest_route=\/wp\/v2\/posts"}],"about":[{"href":"https:\/\/labestiapolitica.com.mx\/index.php?rest_route=\/wp\/v2\/types\/post"}],"author":[{"embeddable":true,"href":"https:\/\/labestiapolitica.com.mx\/index.php?rest_route=\/wp\/v2\/users\/3"}],"replies":[{"embeddable":true,"href":"https:\/\/labestiapolitica.com.mx\/index.php?rest_route=%2Fwp%2Fv2%2Fcomments&post=25807"}],"version-history":[{"count":1,"href":"https:\/\/labestiapolitica.com.mx\/index.php?rest_route=\/wp\/v2\/posts\/25807\/revisions"}],"predecessor-version":[{"id":25809,"href":"https:\/\/labestiapolitica.com.mx\/index.php?rest_route=\/wp\/v2\/posts\/25807\/revisions\/25809"}],"wp:featuredmedia":[{"embeddable":true,"href":"https:\/\/labestiapolitica.com.mx\/index.php?rest_route=\/wp\/v2\/media\/25808"}],"wp:attachment":[{"href":"https:\/\/labestiapolitica.com.mx\/index.php?rest_route=%2Fwp%2Fv2%2Fmedia&parent=25807"}],"wp:term":[{"taxonomy":"category","embeddable":true,"href":"https:\/\/labestiapolitica.com.mx\/index.php?rest_route=%2Fwp%2Fv2%2Fcategories&post=25807"},{"taxonomy":"post_tag","embeddable":true,"href":"https:\/\/labestiapolitica.com.mx\/index.php?rest_route=%2Fwp%2Fv2%2Ftags&post=25807"}],"curies":[{"name":"wp","href":"https:\/\/api.w.org\/{rel}","templated":true}]}}