{"id":25814,"date":"2024-03-18T13:59:56","date_gmt":"2024-03-18T19:59:56","guid":{"rendered":"https:\/\/labestiapolitica.com.mx\/?p=25814"},"modified":"2024-03-19T10:14:04","modified_gmt":"2024-03-19T16:14:04","slug":"vamos-con-ray-vecinos-de-panotla-muestran-su-apoyo","status":"publish","type":"post","link":"https:\/\/labestiapolitica.com.mx\/?p=25814","title":{"rendered":"\u00ab\u00a1Vamos con Ray!\u00bb: Vecinos de Panotla muestran su apoyo"},"content":{"rendered":"<p style=\"text-align: justify;\">Fabiola M\u00c1RQUEZ\/\u00a0Durante su recorrido y visita casa por casa, Raymundo V\u00e1zquez Conchas, candidato de la coalici\u00f3n \u00abSigamos Haciendo Historia\u00bb, recibi\u00f3 el respaldo de residentes del municipio de Panotla.<\/p>\n<p style=\"text-align: justify;\">\u00ab\u00a1Vamos con Ray!\u00bb, expresaron algunos habitantes al saludar al candidato de Morena, PVEM y PT para la diputaci\u00f3n del distrito federal 02, quien escuch\u00f3 las necesidades de la comunidad y se comprometi\u00f3 que de lograr el triunfo apoyar\u00e1 desde San L\u00e1zaro para brindar soluciones.<\/p>\n<p style=\"text-align: justify;\">Desde tempranas horas, ayer domingo, la gente se reuni\u00f3 en la principal avenida de Panotla, donde se sum\u00f3 a la caminata en medio de porras y le acompa\u00f1aron a visitar locales y casas.<\/p>\n<p style=\"text-align: justify;\">Fue en los hogares de Panotla que las y los vecinos cuestionaron al candidato sobre sus propuestas legislativas, y Ray V\u00e1zquez destac\u00f3 el respaldo de las reformas que propuso el presidente Andr\u00e9s Manuel L\u00f3pez Obrador, que se lograr\u00e1n con la candidata presidencial, Claudia Sheinbaum, por ejemplo, mayor atenci\u00f3n al sector educativo.<\/p>\n<p style=\"text-align: justify;\">Y para ello, resalt\u00f3 la importancia de que siga el segundo piso de la Cuarta Transformaci\u00f3n, donde se logre mayor\u00eda en la c\u00e1mara alta y baja y sus representantes respalden las reformas estructurales, que iniciaron con el proyecto de naci\u00f3n de Morena y los partidos aliados.<\/p>\n","protected":false},"excerpt":{"rendered":"<p>Fabiola M\u00c1RQUEZ\/\u00a0Durante su recorrido y visita casa por casa, Raymundo V\u00e1zquez Conchas, candidato de la coalici\u00f3n \u00abSigamos Haciendo Historia\u00bb, recibi\u00f3 el respaldo de residentes del municipio de Panotla. \u00ab\u00a1Vamos con Ray!\u00bb, expresaron algunos habitantes al saludar al candidato de Morena, PVEM y PT para la diputaci\u00f3n del distrito federal 02, quien escuch\u00f3 las necesidades de [&hellip;]<\/p>\n","protected":false},"author":3,"featured_media":25815,"comment_status":"open","ping_status":"open","sticky":false,"template":"","format":"standard","meta":{"footnotes":""},"categories":[12],"tags":[],"class_list":["post-25814","post","type-post","status-publish","format-standard","has-post-thumbnail","hentry","category-brujula-2026"],"amp_enabled":true,"_links":{"self":[{"href":"https:\/\/labestiapolitica.com.mx\/index.php?rest_route=\/wp\/v2\/posts\/25814","targetHints":{"allow":["GET"]}}],"collection":[{"href":"https:\/\/labestiapolitica.com.mx\/index.php?rest_route=\/wp\/v2\/posts"}],"about":[{"href":"https:\/\/labestiapolitica.com.mx\/index.php?rest_route=\/wp\/v2\/types\/post"}],"author":[{"embeddable":true,"href":"https:\/\/labestiapolitica.com.mx\/index.php?rest_route=\/wp\/v2\/users\/3"}],"replies":[{"embeddable":true,"href":"https:\/\/labestiapolitica.com.mx\/index.php?rest_route=%2Fwp%2Fv2%2Fcomments&post=25814"}],"version-history":[{"count":1,"href":"https:\/\/labestiapolitica.com.mx\/index.php?rest_route=\/wp\/v2\/posts\/25814\/revisions"}],"predecessor-version":[{"id":25816,"href":"https:\/\/labestiapolitica.com.mx\/index.php?rest_route=\/wp\/v2\/posts\/25814\/revisions\/25816"}],"wp:featuredmedia":[{"embeddable":true,"href":"https:\/\/labestiapolitica.com.mx\/index.php?rest_route=\/wp\/v2\/media\/25815"}],"wp:attachment":[{"href":"https:\/\/labestiapolitica.com.mx\/index.php?rest_route=%2Fwp%2Fv2%2Fmedia&parent=25814"}],"wp:term":[{"taxonomy":"category","embeddable":true,"href":"https:\/\/labestiapolitica.com.mx\/index.php?rest_route=%2Fwp%2Fv2%2Fcategories&post=25814"},{"taxonomy":"post_tag","embeddable":true,"href":"https:\/\/labestiapolitica.com.mx\/index.php?rest_route=%2Fwp%2Fv2%2Ftags&post=25814"}],"curies":[{"name":"wp","href":"https:\/\/api.w.org\/{rel}","templated":true}]}}