{"id":25817,"date":"2024-03-18T14:52:06","date_gmt":"2024-03-18T20:52:06","guid":{"rendered":"https:\/\/labestiapolitica.com.mx\/?p=25817"},"modified":"2024-03-19T10:13:50","modified_gmt":"2024-03-19T16:13:50","slug":"el-petista-rodrigo-cuahutle-salazar-el-candidato-mas-autentico-al-senado-de-los-aspiran","status":"publish","type":"post","link":"https:\/\/labestiapolitica.com.mx\/?p=25817","title":{"rendered":"El petista Rodrigo Cuahutle Salazar, el candidato m\u00e1s aut\u00e9ntico al Senado de los aspiran"},"content":{"rendered":"<p style=\"text-align: justify;\">Fabiola M\u00c1RQUEZ\/ Como parte de las giras de trabajo que realiza Rodrigo Cuahutle Salazar, candidato del Partido del Trabajo (PT) al Senado de la Rep\u00fablica, esta ocasi\u00f3n visit\u00f3 el municipio de Ayometla, donde fue recibido y respaldado por sus habitantes debido a que lo consideraron el candidato m\u00e1s aut\u00e9ntico de los aspirantes.<\/p>\n<p style=\"text-align: justify;\">En su mensaje, el candidato petista destac\u00f3 que en la actualidad nadie calla la voz del pueblo, y que \u00e9l representa a los sectores m\u00e1s desprotegidos, porque conoci\u00f3 de primera mano las necesidades de la gente.<\/p>\n<p style=\"text-align: justify;\">De igual manera, Cauhutle Salazar, reafirm\u00f3 el compromiso del PT con los valores de la verdadera izquierda y asegur\u00f3 que es la voz de los m\u00e1s vulnerables en Tlaxcala, y destac\u00f3 que a dos semanas de iniciadas las campa\u00f1as el crecimiento del apoyo popular al proyecto del pueblo es tangible, gracias a la identificaci\u00f3n de la gente con sus propuestas.<\/p>\n<p style=\"text-align: justify;\">Finalmente, Rodrigo Cuahutle hizo un llamado a la ciudadan\u00eda tlaxcalteca a analizar detenidamente las propuestas y a ejercer su derecho al voto de manera consciente, para que este 2 de junio sea el pueblo quien realmente gane un representante que haga valer su voz.<\/p>\n","protected":false},"excerpt":{"rendered":"<p>Fabiola M\u00c1RQUEZ\/ Como parte de las giras de trabajo que realiza Rodrigo Cuahutle Salazar, candidato del Partido del Trabajo (PT) al Senado de la Rep\u00fablica, esta ocasi\u00f3n visit\u00f3 el municipio de Ayometla, donde fue recibido y respaldado por sus habitantes debido a que lo consideraron el candidato m\u00e1s aut\u00e9ntico de los aspirantes. En su mensaje, [&hellip;]<\/p>\n","protected":false},"author":3,"featured_media":25818,"comment_status":"open","ping_status":"open","sticky":false,"template":"","format":"standard","meta":{"footnotes":""},"categories":[12],"tags":[],"class_list":["post-25817","post","type-post","status-publish","format-standard","has-post-thumbnail","hentry","category-brujula-2026"],"amp_enabled":true,"_links":{"self":[{"href":"https:\/\/labestiapolitica.com.mx\/index.php?rest_route=\/wp\/v2\/posts\/25817","targetHints":{"allow":["GET"]}}],"collection":[{"href":"https:\/\/labestiapolitica.com.mx\/index.php?rest_route=\/wp\/v2\/posts"}],"about":[{"href":"https:\/\/labestiapolitica.com.mx\/index.php?rest_route=\/wp\/v2\/types\/post"}],"author":[{"embeddable":true,"href":"https:\/\/labestiapolitica.com.mx\/index.php?rest_route=\/wp\/v2\/users\/3"}],"replies":[{"embeddable":true,"href":"https:\/\/labestiapolitica.com.mx\/index.php?rest_route=%2Fwp%2Fv2%2Fcomments&post=25817"}],"version-history":[{"count":1,"href":"https:\/\/labestiapolitica.com.mx\/index.php?rest_route=\/wp\/v2\/posts\/25817\/revisions"}],"predecessor-version":[{"id":25819,"href":"https:\/\/labestiapolitica.com.mx\/index.php?rest_route=\/wp\/v2\/posts\/25817\/revisions\/25819"}],"wp:featuredmedia":[{"embeddable":true,"href":"https:\/\/labestiapolitica.com.mx\/index.php?rest_route=\/wp\/v2\/media\/25818"}],"wp:attachment":[{"href":"https:\/\/labestiapolitica.com.mx\/index.php?rest_route=%2Fwp%2Fv2%2Fmedia&parent=25817"}],"wp:term":[{"taxonomy":"category","embeddable":true,"href":"https:\/\/labestiapolitica.com.mx\/index.php?rest_route=%2Fwp%2Fv2%2Fcategories&post=25817"},{"taxonomy":"post_tag","embeddable":true,"href":"https:\/\/labestiapolitica.com.mx\/index.php?rest_route=%2Fwp%2Fv2%2Ftags&post=25817"}],"curies":[{"name":"wp","href":"https:\/\/api.w.org\/{rel}","templated":true}]}}