{"id":2624,"date":"2020-10-28T03:08:25","date_gmt":"2020-10-28T03:08:25","guid":{"rendered":"https:\/\/labestiapolitica.com.mx\/?p=2624"},"modified":"2020-10-30T20:48:42","modified_gmt":"2020-10-30T20:48:42","slug":"con-cicatrices-y-dilemas-pero-el-pri-en-su-momento-de-mayor-competitividad-en-tlaxcala-marco-mena","status":"publish","type":"post","link":"https:\/\/labestiapolitica.com.mx\/?p=2624","title":{"rendered":"Con cicatrices y dilemas, pero el  PRI  en su momento de mayor competitividad en Tlaxcala: Marco Mena"},"content":{"rendered":"<p style=\"text-align: justify;\">*Eligen m\u00e9todo de la Convenci\u00f3n de Delegados y la autorizaci\u00f3n para que el Comit\u00e9 Directivo Estatal explore la posibilidad y pertinencia de suscribir coaliciones .<\/p>\n<p style=\"text-align: justify;\">Marco MU\u00d1OZ\/ Tlaxcala\/\u00a0 El primer priista del estado, Marco Mena afirm\u00f3 que el PRI se encuentra en la mayor condici\u00f3n de competitividad desde la elecci\u00f3n pasada, en forma y fuerza creciente de cara al proceso electoral del pr\u00f3ximo a\u00f1o. \u00abCon cicatrices y dilemas, pero en forma y fuerza creciente\u00bb.<\/p>\n<p style=\"text-align: justify;\">Eso lo asegur\u00f3 este martes al\u00a0encabezar la Sesi\u00f3n Extraordinaria del Consejo Pol\u00edtico Estatal del Partido Revolucionario Institucional (PRI), donde se aprobaron la forma y m\u00e9todos de elecci\u00f3n de candidatos a participar en el proceso electoral local ordinario 2020-2021, Marco Mena asegur\u00f3 que el partido eligi\u00f3 el camino de hacer pol\u00edtica con acuerdos para lograr unidad, por lo que puede, perfectamente, aspirar a volver brillar como fuerza pol\u00edtica profesional y capaz.<\/p>\n<p style=\"text-align: justify;\">En su mensaje, enfatiz\u00f3 que \u201csin democracia interna no se garantiza la unidad y sin unidad no ser\u00e1 posible recuperar el discurso, la organizaci\u00f3n, la acci\u00f3n y la confianza de la gente para ganar. El m\u00e9todo de elecci\u00f3n adoptado nos permite fortalecer el di\u00e1logo\u00a0 interno y mantener vigente un prop\u00f3sito superior: la unidad. Es necesaria, como he dicho antes, por convicci\u00f3n o por conveniencia\u00bb.<\/p>\n<p style=\"text-align: justify;\">Marco Mena apunt\u00f3 que los recientes resultados de las elecciones de Hidalgo y Coahuila no son concluyentes, pero dejan claro que el partido est\u00e1 de vuelta y permiten vislumbrar las posibilidades de ir o no en alianzas parciales o totales.<\/p>\n<p style=\"text-align: justify;\">Asimismo, abund\u00f3 que el m\u00e9todo de elecci\u00f3n adoptado por el PRI permite fortalecer el di\u00e1logo interno y mantener vigente el prop\u00f3sito superior de la unidad. Finalmente, el primer priista del estado se\u00f1al\u00f3 que los tiempos y los m\u00e9todos llaman a todos a actuar con responsabilidad y determinaci\u00f3n para contribuir a que Tlaxcala siga creciendo, siga reduciendo la pobreza, siga construyendo infraestructura, siga siendo ejemplo nacional en el manejo de sus finanzas, siga siendo el \u00fanico estado sin deuda y con crecimiento econ\u00f3mico.<\/p>\n<p style=\"text-align: justify;\">Versi\u00f3n estenogr\u00e1fica del gobernador Marco Mena.<\/p>\n<p style=\"text-align: justify;\">Buenas noches a todas, buenas noches a todos.<\/p>\n<p style=\"text-align: justify;\">Compa\u00f1eras, compa\u00f1eros Consejeros:<\/p>\n<p style=\"text-align: justify;\">Hoy hemos dado un paso importante en la preparaci\u00f3n de nuestro partido en ruta al pr\u00f3ximo a\u00f1o.<\/p>\n<p style=\"text-align: justify;\">La forma y los m\u00e9todos con los cuales se habr\u00e1n de ir encausando los diferentes proyectos pol\u00edticos dentro de nuestro instituto pol\u00edtico, al ser claros, nos ayudan a mantener unidad y reforzar nuestra propuesta a la sociedad.<\/p>\n<p style=\"text-align: justify;\">Quisiera compartir con ustedes varios puntos al respecto.<\/p>\n<p style=\"text-align: justify;\">No sin antes agradecer los saludos amables que he estado recibiendo por el chat de esta videoconferencia. Muchas gracias compa\u00f1eras, compa\u00f1eros.<\/p>\n<p style=\"text-align: justify;\"><strong>\u00a0<\/strong><\/p>\n<p style=\"text-align: justify;\"><strong>Primero, sobre el principio de LEGALIDAD.<\/strong><\/p>\n<p style=\"text-align: justify;\"><strong>\u00a0<\/strong><\/p>\n<p style=\"text-align: justify;\">Conducirse con respeto a la ley y a las reglas ha sido una caracter\u00edstica del partido.\u00a0 Lo ha hecho un partido ordenado, en el cual pueden encontrar acuerdo y cauce las diferentes posiciones y expectativas de los militantes.\u00a0 Por eso, al PRI se le ha reconocido como un partido de pol\u00edticos profesionales.\u00a0 Junto con el respeto a la ley y a las reglas, a lo largo de las d\u00e9cadas el Partido ha ido dando lugar a nuevas generaciones que comparten su inter\u00e9s en desarrollar pericia y aptitudes pol\u00edticas.<\/p>\n<p style=\"text-align: justify;\">La aprobaci\u00f3n del m\u00e9todo de la Convenci\u00f3n de Delegados y la autorizaci\u00f3n para que el Comit\u00e9 Directivo Estatal explore la posibilidad y pertinencia de suscribir coaliciones se enmarca, por ende, en el campo de la pol\u00edtica de construcci\u00f3n de acuerdos y en el terreno legal y estatutario.<\/p>\n<p style=\"text-align: justify;\">Aceptamos nuestra obligaci\u00f3n, por principios y tradici\u00f3n institucional, a actuar, por mandato de ley de manera pulcra en todas las etapas del proceso que inicia. Como titular del Poder Ejecutivo del Estado, por convicci\u00f3n, ser\u00e9 garante del respeto a las instituciones, para que puedan desempe\u00f1ar su rol y su responsabilidad.<\/p>\n<p style=\"text-align: justify;\"><strong>\u00a0<\/strong><\/p>\n<p style=\"text-align: justify;\"><strong>Segundo, sobre la pr\u00e1ctica de DEMOCRACIA INTERNA y construcci\u00f3n de UNIDAD<\/strong><\/p>\n<p style=\"text-align: justify;\">El m\u00e9todo de elecci\u00f3n adoptado nos permite fortalecer el di\u00e1logo\u00a0 interno y mantener vigente un prop\u00f3sito superior: la unidad. Es necesaria, como he dicho antes, por convicci\u00f3n o por conveniencia.<\/p>\n<p style=\"text-align: justify;\">Desde la elecci\u00f3n del 2018, y sus secuelas, y en medio de un contexto pol\u00edtico nacional polarizado, enfrentado y en riesgo, la unidad es el camino.\u00a0 Las pasiones, antipat\u00edas, desamores y extrav\u00edos son perfectamente superables si hay respeto. Con respeto se puede dialogar y construir acuerdos.\u00a0 Hemos elegido un m\u00e9todo para que podamos lograr justo eso.\u00a0 Eso s\u00ed, toda aspiraci\u00f3n debe estar respaldada por su viabilidad.\u00a0 La posibilidad del triunfo de cada aspirante debe tener bases reales.<\/p>\n<p style=\"text-align: justify;\">Esto es ser pol\u00edticamente maduro y el partido ha dado c\u00e1tedra de experiencia por d\u00e9cadas.<\/p>\n<p style=\"text-align: justify;\">Como lo he dicho muchas veces. No se busca el \u00e9xito s\u00f3lo por af\u00e1n y ego\u00edsmo partidista.\u00a0 Se busca para algo.\u00a0 Ese algo es progreso, progreso incluso en medio de la pandemia.<\/p>\n<p style=\"text-align: justify;\">Sabemos que la pol\u00edtica es pasi\u00f3n.\u00a0 Es acuerdo, pero tambi\u00e9n puede ser conflicto.\u00a0 Hemos escogido el camino de hacer pol\u00edtica con acuerdos para lograr unidad.\u00a0 Esto no quiere decir que habr\u00e1 empat\u00edas y agrado autom\u00e1tico\u00a0 entre cada uno de los militante, pero s\u00ed podemos perfectamente a aspirar a volver brillar como fuerza pol\u00edtica profesional y capaz.\u00a0 Tengo que decirles, aunque no les guste a algunos, que, justo ahora, el partido se encuentra en la mayor condici\u00f3n de competitividad desde la elecci\u00f3n pasada.\u00a0 Con cicatrices y dilemas, pero en forma y fuerza creciente.<\/p>\n<p style=\"text-align: justify;\">El c\u00famulo de intereses y circunstancias se aglomeran de tal forma que nuestras respuestas personales o colectivas suelen ponerse a prueba. El discernimiento sobre la convicci\u00f3n y fidelidad partidista se entremezcla y puede confundirse.\u00a0 No se equivoquen. No nos equivoquemos, el camino de la fuerza es la unidad por acuerdo.\u00a0 Los extrav\u00edos terminan siempre por debilitar a quienes se piensan m\u00e1s audaces.<\/p>\n<p style=\"text-align: justify;\">Lo contundente, por ahora, es que sin democracia interna no se garantiza la unidad y sin unidad no ser\u00e1 posible recuperar el discurso, la organizaci\u00f3n, la acci\u00f3n y mantener el \u00e1nimo para, con la confianza de la gente\u2026. ganar.<\/p>\n<p style=\"text-align: justify;\"><strong>\u00a0<\/strong><\/p>\n<p style=\"text-align: justify;\"><strong>Tercero, SUMA de FUERZAS Y VOLUNTADES<\/strong><\/p>\n<p style=\"text-align: justify;\"><strong>\u00a0<\/strong><\/p>\n<p style=\"text-align: justify;\">A la dirigencia del Partido se le ha delegado ahora la autorizaci\u00f3n\u00a0 para auscultar con otras fuerzas pol\u00edticas las posibles coaliciones. Ante la ausencia de la segunda vuelta o, m\u00e1s a\u00fan, de un r\u00e9gimen parlamentario, las coaliciones son una posibilidad de reagrupar fuerzas, sobre todo, en escenarios pol\u00edticos fragmentados.<\/p>\n<p style=\"text-align: justify;\">Los resultados de las elecciones de Hidalgo y Coahuila no son concluyentes, pero si permiten vislumbrar las posibilidades de ir o no en alianzas parciales o totales.\u00a0 Dejan clara una cosas, eso s\u00ed.\u00a0 Estamos de vuelta compa\u00f1eros.\u00a0 En el actual contexto no s\u00f3lo es obligado analizar las coaliciones porque la ley lo permite, sino porque es un ejercicio de responsabilidad hacia escenarios de mayor equilibrio.<\/p>\n<p style=\"text-align: justify;\">Las dirigencias habr\u00e1n de dialogar y construir f\u00f3rmulas y m\u00e9todos posibles de acuerdo a lo que la ley y lo que los estatutos permitan. No se trata de\u00a0 formulas cupulares multipartidistas.\u00a0 No se trata de construir\u00a0 bloques para hacer m\u00e1s franca la polarizaci\u00f3n, que est\u00e1 agrietando la vida de la naci\u00f3n, polarizaci\u00f3n que a nadie conviene.<\/p>\n<p style=\"text-align: justify;\">Para que la coalici\u00f3n trascienda se requiere, adem\u00e1s, que refleje un anhelo genuino de la sociedad, que sea la expresi\u00f3n de una construcci\u00f3n colectiva con la gente y, tambi\u00e9n requiere de madurez de los actores pol\u00edticos. Construir un proyecto compartido ser\u00e1 la tarea que culmine en un proyecto socialmente persuasivo y ganador.<\/p>\n<p style=\"text-align: justify;\">Finalmente quiero compartirles que en Tlaxcala estamos sorteando la dif\u00edcil coyuntura de la pandemia y la desaceleraci\u00f3n econ\u00f3mica en paz, dentro de una pluralidad propia de nuestro estado, pero paz.<\/p>\n<p style=\"text-align: justify;\">Mantengo di\u00e1logo respetuoso y constructivo con los partidos pol\u00edticos para enriquecer estrategias importantes para el Estado.<\/p>\n<p style=\"text-align: justify;\">Mantenemos una relaci\u00f3n institucional, constructiva e igualmente respetuosa\u00a0 con\u00a0\u00a0 el Congreso y, en lo conducente, con el poder Judicial del Estado.<\/p>\n<p style=\"text-align: justify;\">Con el Gobierno Federal, al amparo de la soberan\u00eda e intereses superiores de Tlaxcala, mantenemos la coordinaci\u00f3n intergubernamental prescrita en el r\u00e9gimen federal que nos es propio.<\/p>\n<p style=\"text-align: justify;\">O O O<\/p>\n<p style=\"text-align: justify;\">Compa\u00f1eras, Compa\u00f1eros, la pelota est\u00e1 en su cancha. Se los vuelvo a repetir desde el arribo de la actual dirigencia estatal en enero de este a\u00f1o.<\/p>\n<p style=\"text-align: justify;\">Los tiempos y los m\u00e9todos nos llaman, a todos, a actuar con responsabilidad y determinaci\u00f3n.\u00a0 Si lo hacemos as\u00ed, nos\u00a0 permitir\u00e1n seguir allanando el camino para que Tlaxcala siga creciendo, siga reduciendo la pobreza, siga construyendo infraestructura, siga siendo ejemplo nacional en el manejo de sus finanzas, siga siendo el \u00fanico estado sin deuda y con crecimiento econ\u00f3mico, siga recibiendo reconocimiento de organismos internacionales por lo efectivo de sus programas sociales, particularmente, aquellos que ayudan a las mujeres en condiciones vulnerables, sigan distinguiendo el m\u00e9todo, el m\u00e9rito en los mejores estudiantes de Tlaxcala y, de modo central, principal y esencial, sigamos siendo una sociedad estable, una sociedad que vive en paz y una sociedad con futuro.<\/p>\n<p style=\"text-align: justify;\">Muchas gracias compa\u00f1eros.<\/p>\n<p style=\"text-align: justify;\">\n","protected":false},"excerpt":{"rendered":"<p>*Eligen m\u00e9todo de la Convenci\u00f3n de Delegados y la autorizaci\u00f3n para que el Comit\u00e9 Directivo Estatal explore la posibilidad y pertinencia de suscribir coaliciones . Marco MU\u00d1OZ\/ Tlaxcala\/\u00a0 El primer priista del estado, Marco Mena afirm\u00f3 que el PRI se encuentra en la mayor condici\u00f3n de competitividad desde la elecci\u00f3n pasada, en forma y fuerza [&hellip;]<\/p>\n","protected":false},"author":3,"featured_media":0,"comment_status":"open","ping_status":"open","sticky":false,"template":"","format":"standard","meta":{"footnotes":""},"categories":[12],"tags":[],"class_list":["post-2624","post","type-post","status-publish","format-standard","hentry","category-brujula-2026"],"amp_enabled":true,"_links":{"self":[{"href":"https:\/\/labestiapolitica.com.mx\/index.php?rest_route=\/wp\/v2\/posts\/2624","targetHints":{"allow":["GET"]}}],"collection":[{"href":"https:\/\/labestiapolitica.com.mx\/index.php?rest_route=\/wp\/v2\/posts"}],"about":[{"href":"https:\/\/labestiapolitica.com.mx\/index.php?rest_route=\/wp\/v2\/types\/post"}],"author":[{"embeddable":true,"href":"https:\/\/labestiapolitica.com.mx\/index.php?rest_route=\/wp\/v2\/users\/3"}],"replies":[{"embeddable":true,"href":"https:\/\/labestiapolitica.com.mx\/index.php?rest_route=%2Fwp%2Fv2%2Fcomments&post=2624"}],"version-history":[{"count":4,"href":"https:\/\/labestiapolitica.com.mx\/index.php?rest_route=\/wp\/v2\/posts\/2624\/revisions"}],"predecessor-version":[{"id":2688,"href":"https:\/\/labestiapolitica.com.mx\/index.php?rest_route=\/wp\/v2\/posts\/2624\/revisions\/2688"}],"wp:attachment":[{"href":"https:\/\/labestiapolitica.com.mx\/index.php?rest_route=%2Fwp%2Fv2%2Fmedia&parent=2624"}],"wp:term":[{"taxonomy":"category","embeddable":true,"href":"https:\/\/labestiapolitica.com.mx\/index.php?rest_route=%2Fwp%2Fv2%2Fcategories&post=2624"},{"taxonomy":"post_tag","embeddable":true,"href":"https:\/\/labestiapolitica.com.mx\/index.php?rest_route=%2Fwp%2Fv2%2Ftags&post=2624"}],"curies":[{"name":"wp","href":"https:\/\/api.w.org\/{rel}","templated":true}]}}