{"id":26806,"date":"2024-04-24T21:33:09","date_gmt":"2024-04-25T03:33:09","guid":{"rendered":"https:\/\/labestiapolitica.com.mx\/?p=26806"},"modified":"2024-04-24T21:33:20","modified_gmt":"2024-04-25T03:33:20","slug":"opinion-la-cotidianidad-de-las-mujeres","status":"publish","type":"post","link":"https:\/\/labestiapolitica.com.mx\/?p=26806","title":{"rendered":"Opini\u00f3n&#8230;La cotidianidad de las mujeres"},"content":{"rendered":"<table style=\"width: 0.107233%; height: 24px;\">\n<tbody>\n<tr style=\"height: 24px;\">\n<td style=\"height: 24px; width: 25%;\" width=\"340\"><\/td>\n<td style=\"height: 24px; width: 62.5%;\" width=\"249\"><\/td>\n<\/tr>\n<\/tbody>\n<\/table>\n<p><strong>POR LAS NI\u00d1AS<\/strong><\/p>\n<p>Deseo que en un futuro no muy lejano, a las ni\u00f1as les parezca incre\u00edble que las mujeres un d\u00eda enfrentamos condiciones de desigualdad, \u00a0somos \u00a0violentadas por el hecho de ser mujeres, y vivimos en una sociedad que normaliza \u00a0la violencia.<\/p>\n<p>Deseo que las ni\u00f1as participen en condiciones de igualdad en todas las actividades, puedan jugar futbol, o a las mu\u00f1ecas, o a la casita, o sea inventoras, que puedan elegir su futuro sin que casarse y tener hijos sea un \u00a0destino anunciado.<\/p>\n<p>Quiero que las ni\u00f1as tengan la oportunidad de \u00a0ser cient\u00edficas, matem\u00e1ticas, doctoras, bailarinas, cineastas, ingenieras,\u00a0 vayan al espacio, puedan desarrollar sus talentos sin roles de g\u00e9nero \u00a0y tengan la libertad para decidir.<\/p>\n<p>Desafortunadamente seg\u00fan cifras de UNICEF <a href=\"#_ftn2\" name=\"_ftnref2\">[2]<\/a> en el mundo:<\/p>\n<ul>\n<li><strong><em>Alrededor de\u00a0640\u00a0millones<\/em><\/strong><em>de mujeres han contra\u00eddo\u00a0<\/em><strong><em>matrimonio<\/em><\/strong><em>\u00a0<\/em><em>antes de cumplir los 18 a\u00f1os<\/em><\/li>\n<li><strong><em>1 de cada 4\u00a0chicas<\/em><\/strong><em>de entre 15 y 19 a\u00f1os ha sufrido violencia f\u00edsica o sexual por parte de su pareja al menos una vez en su vida.\u00a0<\/em><\/li>\n<li><em>El<strong>embarazo adolescente<\/strong>\u00a0es una de las principales causas de mortalidad entre las adolescentes <\/em><\/li>\n<li><strong><em>4 de cada 10<\/em><\/strong><em>adolescentes de 15 a 19 a\u00f1os que quieren evitar el embarazo no tienen acceso a m\u00e9todos anticonceptivos.<\/em><\/li>\n<li><em>En todo el mundo, las ni\u00f1as de 5 a 14 a\u00f1os dedican<strong>160 millones de horas diarias m\u00e1s al trabajo dom\u00e9stico<\/strong>\u00a0y de cuidados no remunerado que los ni\u00f1os de la misma edad.<\/em><\/li>\n<li><em>Casi<strong>1 de cada 5 ni\u00f1as sigue sin terminar el primer ciclo de secundaria<\/strong>\u00a0y casi 4 de cada 10 no terminan el segundo ciclo.<\/em><\/li>\n<li><em>Alrededor del<\/em><strong><em>90% de las adolescentes<\/em><\/strong><em>\u00a0<\/em><em>y mujeres j\u00f3venes\u00a0<\/em><strong><em>no utilizan Internet, <\/em><\/strong><em>mientras que sus compa\u00f1eros varones tienen el doble de probabilidades de acceder a internet.<\/em><\/li>\n<\/ul>\n<p>En nuestro pa\u00eds se tom\u00f3 la decisi\u00f3n de festejar el 30 de abril como el \u201cD\u00eda del Ni\u00f1o\u201d con la finalidad de lograr reafirmar los derechos de los ni\u00f1os y crear una infancia feliz para un desarrollo pleno e integral como ser humano.\u00a0 Este festejo entonces corresponde al 30% de la poblaci\u00f3n, \u00a0\u00a0compuesta por \u00a0ni\u00f1os, ni\u00f1as o adolescentes, \u00a049% son \u00a0mujeres, en un pa\u00eds en el que \u00a0por una err\u00f3nea tradici\u00f3n cultural, \u00a0la ni\u00f1ez era y en menor medida es, \u00a0educada \u00a0y corregida con m\u00e9todos de disciplina violenta, \u00a0lo que promueve la normalizaci\u00f3n de la violencia desde la familia.<\/p>\n<p>Se debe reconocer a nin\u0303as, nin\u0303os y adolescentes como titulares de derechos, con capacidad de goce de los mismos, asegurar todos sus derechos, \u00a0esto adem\u00e1s amerita tener claro el intere\u0301s superior de la nin\u0303ez, el cual debera\u0301 ser considerado de manera primordial en la toma de decisiones sobre una cuestio\u0301n debatida que\u00a0 les involucre.<\/p>\n<p>Las ni\u00f1as \u00a0tienen derecho al acceso al mismo trato y oportunidades para el reconocimiento, goce o ejercicio de los derechos humanos y las libertades fundamentales, pero todav\u00eda\u00a0 son muchos los retos que se tienen para hacer efectivos esos derechos.<\/p>\n<p>Por eso es necesario, trabajar m\u00e1s \u00a0y m\u00e1s, \u00a0para alcanzar la\u00a0<strong>igualdad de g\u00e9nero, por que<\/strong>\u00a0no es solo una cuesti\u00f3n de\u00a0<strong>derechos humanos,<\/strong>\u00a0sino una condici\u00f3n previa para un\u00a0<strong>desarrollo sostenible, \u00a0buscando hacer, \u00a0lo que \u00a0todav\u00eda parece un ideal una realidad, para que \u00a0en el pa\u00eds y en el mundo las ni\u00f1as, y la ni\u00f1ez en general, \u00a0gocen de los derechos que les son inherentes plenamente, pues las vivencias de infancia determinan toda la vida. <\/strong><\/p>\n<p><strong>Queremos cotidiano <\/strong>un mundo donde ser mujer no sea\u00a0 sin\u00f3nimo de debilidad o subordinaci\u00f3n, \u00a0en el que ni\u00f1as empoderadas \u00a0vivan en plenitud sus derechos. Y que esa plenitud impacte a toda la ni\u00f1ez mexicana que alcanza a m\u00e1s de 38 millones de personas,. \u00a0<strong>Eso, \u00a0eso lo queremos cotidiano.<\/strong><\/p>\n<p><strong>\u00a0<\/strong><\/p>\n<p><em>\u00a0<\/em><\/p>\n<p><strong>. <\/strong><\/p>\n<p><strong>\u00a0<\/strong><\/p>\n<p><a href=\"#_ftnref1\" name=\"_ftn1\">[1]<\/a> Magistrada en Retiro.<\/p>\n<p><a href=\"#_ftnref2\" name=\"_ftn2\">[2]<\/a> https:\/\/www.unicef.es\/causas\/derechos-ninos\/dia-internacional-nina<\/p>\n","protected":false},"excerpt":{"rendered":"<p>POR LAS NI\u00d1AS Deseo que en un futuro no muy lejano, a las ni\u00f1as les parezca incre\u00edble que las mujeres un d\u00eda enfrentamos condiciones de desigualdad, \u00a0somos \u00a0violentadas por el hecho de ser mujeres, y vivimos en una sociedad que normaliza \u00a0la violencia. Deseo que las ni\u00f1as participen en condiciones de igualdad en todas las [&hellip;]<\/p>\n","protected":false},"author":3,"featured_media":26808,"comment_status":"open","ping_status":"open","sticky":false,"template":"","format":"standard","meta":{"footnotes":""},"categories":[6],"tags":[],"class_list":["post-26806","post","type-post","status-publish","format-standard","has-post-thumbnail","hentry","category-opinion"],"amp_enabled":true,"_links":{"self":[{"href":"https:\/\/labestiapolitica.com.mx\/index.php?rest_route=\/wp\/v2\/posts\/26806","targetHints":{"allow":["GET"]}}],"collection":[{"href":"https:\/\/labestiapolitica.com.mx\/index.php?rest_route=\/wp\/v2\/posts"}],"about":[{"href":"https:\/\/labestiapolitica.com.mx\/index.php?rest_route=\/wp\/v2\/types\/post"}],"author":[{"embeddable":true,"href":"https:\/\/labestiapolitica.com.mx\/index.php?rest_route=\/wp\/v2\/users\/3"}],"replies":[{"embeddable":true,"href":"https:\/\/labestiapolitica.com.mx\/index.php?rest_route=%2Fwp%2Fv2%2Fcomments&post=26806"}],"version-history":[{"count":1,"href":"https:\/\/labestiapolitica.com.mx\/index.php?rest_route=\/wp\/v2\/posts\/26806\/revisions"}],"predecessor-version":[{"id":26809,"href":"https:\/\/labestiapolitica.com.mx\/index.php?rest_route=\/wp\/v2\/posts\/26806\/revisions\/26809"}],"wp:featuredmedia":[{"embeddable":true,"href":"https:\/\/labestiapolitica.com.mx\/index.php?rest_route=\/wp\/v2\/media\/26808"}],"wp:attachment":[{"href":"https:\/\/labestiapolitica.com.mx\/index.php?rest_route=%2Fwp%2Fv2%2Fmedia&parent=26806"}],"wp:term":[{"taxonomy":"category","embeddable":true,"href":"https:\/\/labestiapolitica.com.mx\/index.php?rest_route=%2Fwp%2Fv2%2Fcategories&post=26806"},{"taxonomy":"post_tag","embeddable":true,"href":"https:\/\/labestiapolitica.com.mx\/index.php?rest_route=%2Fwp%2Fv2%2Ftags&post=26806"}],"curies":[{"name":"wp","href":"https:\/\/api.w.org\/{rel}","templated":true}]}}