{"id":26908,"date":"2024-04-29T09:43:55","date_gmt":"2024-04-29T15:43:55","guid":{"rendered":"https:\/\/labestiapolitica.com.mx\/?p=26908"},"modified":"2024-04-29T09:44:02","modified_gmt":"2024-04-29T15:44:02","slug":"el-arca-tlaxcala-capital-tercera-llamada","status":"publish","type":"post","link":"https:\/\/labestiapolitica.com.mx\/?p=26908","title":{"rendered":"El Arca&#8230;Tlaxcala Capital, tercera llamada"},"content":{"rendered":"<p><img loading=\"lazy\" decoding=\"async\" class=\"alignnone wp-image-22071 size-full\" src=\"https:\/\/labestiapolitica.com.mx\/wp-content\/uploads\/2023\/10\/alfonso-.jpg\" alt=\"\" width=\"1000\" height=\"600\" srcset=\"https:\/\/labestiapolitica.com.mx\/wp-content\/uploads\/2023\/10\/alfonso-.jpg 1000w, https:\/\/labestiapolitica.com.mx\/wp-content\/uploads\/2023\/10\/alfonso--300x180.jpg 300w, https:\/\/labestiapolitica.com.mx\/wp-content\/uploads\/2023\/10\/alfonso--768x461.jpg 768w\" sizes=\"auto, (max-width: 1000px) 100vw, 1000px\" \/><\/p>\n<p style=\"text-align: justify;\">La continuidad del proceso electoral en la capital de Tlaxcala trae consigo un nuevo episodio del espect\u00e1culo pol\u00edtico. En esta ocasi\u00f3n, el protagonista principal es el arquitecto Alfonso S\u00e1nchez Garc\u00eda, quien se encuentra ante una oposici\u00f3n encabezada por experimentados pol\u00edticos que se aferran a su posici\u00f3n con tenacidad.<\/p>\n<p style=\"text-align: justify;\">A pesar de haber sido designado como el candidato de Morena, Alfonso enfrenta un desaf\u00edo considerable en su camino hacia la victoria. No solo debe asegurar el triunfo en las urnas, sino tambi\u00e9n ganar legitimidad entre los habitantes de la capital. Sus contrincantes no se limitan \u00fanicamente a los otros contendientes, sino que tambi\u00e9n incluyen a una ciudadan\u00eda descontenta con el actual partido en el gobierno.<\/p>\n<p style=\"text-align: justify;\">Mientras tanto, los aspirantes Barbosa y Valenzuela se retiran de la contienda, aunque su influencia perdura. Representan reminiscencias de pr\u00e1cticas pol\u00edticas del pasado, las cuales son rechazadas por la sociedad.<\/p>\n<p style=\"text-align: justify;\">El verdadero desaf\u00edo para Alfonso y Morena radica no solo en alcanzar la victoria electoral, sino tambi\u00e9n en desvincularse del legado negativo dejado por administraciones anteriores. Para lograrlo, ser\u00e1 crucial establecer alianzas y relaciones constructivas con otros actores pol\u00edticos, con miras a consolidar su mandato con legitimidad.<\/p>\n<p style=\"text-align: justify;\">En este contexto electoral, aquellos que se muestren renuentes a adaptarse a las exigencias y demandas de la ciudadan\u00eda corren el riesgo de quedarse al margen del proceso pol\u00edtico. Es imprescindible que la pol\u00edtica trascienda el mero espect\u00e1culo y se convierta en un genuino ejercicio de responsabilidad y compromiso con el bienestar de la poblaci\u00f3n. Que contin\u00fae el desarrollo del proceso electoral.<\/p>\n<p style=\"text-align: justify;\">Esta es tercera llamada, comenzamos.<\/p>\n<p>&nbsp;<\/p>\n<p>Hoy escribe Jeserh Mej\u00eda.<\/p>\n<p><img loading=\"lazy\" decoding=\"async\" class=\"alignnone wp-image-25967 size-full\" src=\"https:\/\/labestiapolitica.com.mx\/wp-content\/uploads\/2024\/03\/Imagen-de-WhatsApp-2024-03-22-a-las-15.43.42_fc497843.jpg\" alt=\"\" width=\"1000\" height=\"600\" srcset=\"https:\/\/labestiapolitica.com.mx\/wp-content\/uploads\/2024\/03\/Imagen-de-WhatsApp-2024-03-22-a-las-15.43.42_fc497843.jpg 1000w, https:\/\/labestiapolitica.com.mx\/wp-content\/uploads\/2024\/03\/Imagen-de-WhatsApp-2024-03-22-a-las-15.43.42_fc497843-300x180.jpg 300w, https:\/\/labestiapolitica.com.mx\/wp-content\/uploads\/2024\/03\/Imagen-de-WhatsApp-2024-03-22-a-las-15.43.42_fc497843-768x461.jpg 768w\" sizes=\"auto, (max-width: 1000px) 100vw, 1000px\" \/><\/p>\n","protected":false},"excerpt":{"rendered":"<p>La continuidad del proceso electoral en la capital de Tlaxcala trae consigo un nuevo episodio del espect\u00e1culo pol\u00edtico. En esta ocasi\u00f3n, el protagonista principal es el arquitecto Alfonso S\u00e1nchez Garc\u00eda, quien se encuentra ante una oposici\u00f3n encabezada por experimentados pol\u00edticos que se aferran a su posici\u00f3n con tenacidad. A pesar de haber sido designado como [&hellip;]<\/p>\n","protected":false},"author":3,"featured_media":26047,"comment_status":"open","ping_status":"open","sticky":false,"template":"","format":"standard","meta":{"footnotes":""},"categories":[6],"tags":[],"class_list":["post-26908","post","type-post","status-publish","format-standard","has-post-thumbnail","hentry","category-opinion"],"amp_enabled":true,"_links":{"self":[{"href":"https:\/\/labestiapolitica.com.mx\/index.php?rest_route=\/wp\/v2\/posts\/26908","targetHints":{"allow":["GET"]}}],"collection":[{"href":"https:\/\/labestiapolitica.com.mx\/index.php?rest_route=\/wp\/v2\/posts"}],"about":[{"href":"https:\/\/labestiapolitica.com.mx\/index.php?rest_route=\/wp\/v2\/types\/post"}],"author":[{"embeddable":true,"href":"https:\/\/labestiapolitica.com.mx\/index.php?rest_route=\/wp\/v2\/users\/3"}],"replies":[{"embeddable":true,"href":"https:\/\/labestiapolitica.com.mx\/index.php?rest_route=%2Fwp%2Fv2%2Fcomments&post=26908"}],"version-history":[{"count":2,"href":"https:\/\/labestiapolitica.com.mx\/index.php?rest_route=\/wp\/v2\/posts\/26908\/revisions"}],"predecessor-version":[{"id":26910,"href":"https:\/\/labestiapolitica.com.mx\/index.php?rest_route=\/wp\/v2\/posts\/26908\/revisions\/26910"}],"wp:featuredmedia":[{"embeddable":true,"href":"https:\/\/labestiapolitica.com.mx\/index.php?rest_route=\/wp\/v2\/media\/26047"}],"wp:attachment":[{"href":"https:\/\/labestiapolitica.com.mx\/index.php?rest_route=%2Fwp%2Fv2%2Fmedia&parent=26908"}],"wp:term":[{"taxonomy":"category","embeddable":true,"href":"https:\/\/labestiapolitica.com.mx\/index.php?rest_route=%2Fwp%2Fv2%2Fcategories&post=26908"},{"taxonomy":"post_tag","embeddable":true,"href":"https:\/\/labestiapolitica.com.mx\/index.php?rest_route=%2Fwp%2Fv2%2Ftags&post=26908"}],"curies":[{"name":"wp","href":"https:\/\/api.w.org\/{rel}","templated":true}]}}