{"id":28400,"date":"2024-06-11T18:23:37","date_gmt":"2024-06-12T00:23:37","guid":{"rendered":"https:\/\/labestiapolitica.com.mx\/?p=28400"},"modified":"2024-06-11T18:23:37","modified_gmt":"2024-06-12T00:23:37","slug":"presentan-secture-y-durazneros-de-atltzayanca-feria-regional-2024","status":"publish","type":"post","link":"https:\/\/labestiapolitica.com.mx\/?p=28400","title":{"rendered":"Presentan Secture y durazneros de Atltzayanca feria regional 2024."},"content":{"rendered":"<ul>\n<li style=\"text-align: justify;\">La edici\u00f3n n\u00famero 27 de esta festividad se realizar\u00e1 del 28 de junio al 7 de julio<\/li>\n<\/ul>\n<p style=\"text-align: justify;\">La Secretar\u00eda de Turismo del Estado de Tlaxcala (Secture) y productores de \u00abDurazno Oro\u00bb de Concepci\u00f3n Hidalgo, municipio de Atltzayanca, presentaron la Feria Regional 2024, en su edici\u00f3n n\u00famero 27, que se realizar\u00e1 del 28 de junio al 7 de julio.<\/p>\n<p style=\"text-align: justify;\">En rueda de prensa, la jefa del departamento de calidad y competitividad de la Secture, Denisse Escalante Ortega, inform\u00f3 que esta feria permite que cerca del 90 por ciento de la poblaci\u00f3n que se dedica al cultivo del durazno pueda ofertar sus productos, as\u00ed como detonar su econom\u00eda.<\/p>\n<p style=\"text-align: justify;\">Refiri\u00f3 que los duraznos, que son de diversas variedades, comienzan a producirse en mayo y que este proceso culmina en septiembre, por lo que \u201ces una actividad econ\u00f3mica que beneficia a la mayor\u00eda de la comunidad; adem\u00e1s, genera la llegada de visitantes a la regi\u00f3n, lo que representa para los lugare\u00f1os parte de su cultura y tradiciones\u201d.<\/p>\n<p style=\"text-align: justify;\">En su mensaje, la presidenta de comunidad de Concepci\u00f3n Hidalgo, Misaela Torres Cervantes, agradeci\u00f3 a los productores de durazno por hacer que esta actividad los distinga en la regi\u00f3n por su calidad. Asimismo, indic\u00f3 que se esperan cerca de cinco mil visitantes en las diferentes actividades programadas por el comit\u00e9 organizador, como la expo venta y el desfile, entre otras.<\/p>\n<p style=\"text-align: justify;\">\u00abInvito al p\u00fablico en general a ser parte de esta feria regional y apoyar al consumo local en la expo venta, ya que cada a\u00f1o los campesinos ponen todo su empe\u00f1o para lograr una buena cosecha\u00bb, refiri\u00f3.<\/p>\n<p style=\"text-align: justify;\">En su mensaje, el representante del Comit\u00e9 de Feria 2024, Israel Pantoja Hern\u00e1ndez, coment\u00f3 que la primera feria regional del durazno fue en 1994 y desde entonces ha sido representativa de la comunidad.<\/p>\n<p style=\"text-align: justify;\">\u201cEs nuestro fuerte y apoyo, por ello somos cuna de durazno en Tlaxcala; los invitamos a que difundan estas actividades porque queremos tener muchos visitantes\u201d, dijo.<\/p>\n<p style=\"text-align: justify;\">En su oportunidad, la Reina de la Feria 2024, Aislin L\u00f3pez Ram\u00edrez, exhort\u00f3 a los tlaxcaltecas, as\u00ed como a los estados de la regi\u00f3n, a conocer Concepci\u00f3n Hidalgo, para que disfruten del durazno, de la feria, pero, sobre todo, que promuevan el trabajo de los productores de la localidad.<\/p>\n","protected":false},"excerpt":{"rendered":"<p>La edici\u00f3n n\u00famero 27 de esta festividad se realizar\u00e1 del 28 de junio al 7 de julio La Secretar\u00eda de Turismo del Estado de Tlaxcala (Secture) y productores de \u00abDurazno Oro\u00bb de Concepci\u00f3n Hidalgo, municipio de Atltzayanca, presentaron la Feria Regional 2024, en su edici\u00f3n n\u00famero 27, que se realizar\u00e1 del 28 de junio al [&hellip;]<\/p>\n","protected":false},"author":3,"featured_media":28401,"comment_status":"open","ping_status":"open","sticky":false,"template":"","format":"standard","meta":{"footnotes":""},"categories":[7],"tags":[],"class_list":["post-28400","post","type-post","status-publish","format-standard","has-post-thumbnail","hentry","category-ciudadanos"],"amp_enabled":true,"_links":{"self":[{"href":"https:\/\/labestiapolitica.com.mx\/index.php?rest_route=\/wp\/v2\/posts\/28400","targetHints":{"allow":["GET"]}}],"collection":[{"href":"https:\/\/labestiapolitica.com.mx\/index.php?rest_route=\/wp\/v2\/posts"}],"about":[{"href":"https:\/\/labestiapolitica.com.mx\/index.php?rest_route=\/wp\/v2\/types\/post"}],"author":[{"embeddable":true,"href":"https:\/\/labestiapolitica.com.mx\/index.php?rest_route=\/wp\/v2\/users\/3"}],"replies":[{"embeddable":true,"href":"https:\/\/labestiapolitica.com.mx\/index.php?rest_route=%2Fwp%2Fv2%2Fcomments&post=28400"}],"version-history":[{"count":1,"href":"https:\/\/labestiapolitica.com.mx\/index.php?rest_route=\/wp\/v2\/posts\/28400\/revisions"}],"predecessor-version":[{"id":28402,"href":"https:\/\/labestiapolitica.com.mx\/index.php?rest_route=\/wp\/v2\/posts\/28400\/revisions\/28402"}],"wp:featuredmedia":[{"embeddable":true,"href":"https:\/\/labestiapolitica.com.mx\/index.php?rest_route=\/wp\/v2\/media\/28401"}],"wp:attachment":[{"href":"https:\/\/labestiapolitica.com.mx\/index.php?rest_route=%2Fwp%2Fv2%2Fmedia&parent=28400"}],"wp:term":[{"taxonomy":"category","embeddable":true,"href":"https:\/\/labestiapolitica.com.mx\/index.php?rest_route=%2Fwp%2Fv2%2Fcategories&post=28400"},{"taxonomy":"post_tag","embeddable":true,"href":"https:\/\/labestiapolitica.com.mx\/index.php?rest_route=%2Fwp%2Fv2%2Ftags&post=28400"}],"curies":[{"name":"wp","href":"https:\/\/api.w.org\/{rel}","templated":true}]}}