{"id":28410,"date":"2024-06-11T18:40:18","date_gmt":"2024-06-12T00:40:18","guid":{"rendered":"https:\/\/labestiapolitica.com.mx\/?p=28410"},"modified":"2024-06-11T18:40:18","modified_gmt":"2024-06-12T00:40:18","slug":"aumentan-a-84-los-pacientes-dados-de-alta-tras-recibir-tratamiento-por-paralisis-flacida-aguda-en-tlaxcala","status":"publish","type":"post","link":"https:\/\/labestiapolitica.com.mx\/?p=28410","title":{"rendered":"Aumentan a 84 los pacientes dados de alta tras recibir tratamiento por par\u00e1lisis fl\u00e1cida aguda en Tlaxcala."},"content":{"rendered":"<ul>\n<li style=\"text-align: justify;\">Se mantiene la tendencia a la baja del padecimiento, desde el pasado 17 de marzo, a la fecha<\/li>\n<\/ul>\n<p style=\"text-align: justify;\">El Sector Salud de Tlaxcala inform\u00f3 que aument\u00f3 a 84 el n\u00famero de pacientes dados de alta tras recibir tratamiento por Par\u00e1lisis Fl\u00e1cida Aguda (PFA), afecci\u00f3n del sistema nervioso que causa debilidad muscular y par\u00e1lisis.<\/p>\n<p style=\"text-align: justify;\">De los 95 casos acumulados por este trastorno, seis personas permanecen hospitalizadas. El total de casos acumulados incluye cinco defunciones confirmadas por PFA asociada a S\u00edndrome Guillain-Barr\u00e9.<\/p>\n<p style=\"text-align: justify;\">Datos de la plataforma del Sistema Nacional de Vigilancia Epidemiol\u00f3gica de la Secretar\u00eda de Salud federal mostraron que se mantiene una tendencia a la baja desde el 17 de marzo de 2024, que corresponde a la semana epidemiol\u00f3gica 12, como resultado de las acciones de cerco epidemiol\u00f3gico realizadas en los municipios donde se identific\u00f3 a personas con el padecimiento.<\/p>\n<p style=\"text-align: justify;\">Tambi\u00e9n, a las acciones de cloraci\u00f3n de 33 pozos de agua, el an\u00e1lisis de m\u00e1s de 200 muestras de carne de pollo, y m\u00e1s de 200 capacitaciones en el manejo de c\u00e1rnicos para comerciantes en poller\u00edas.<\/p>\n<p style=\"text-align: justify;\">Al respecto, el Sector Salud reconoci\u00f3 el esfuerzo que realizan los comerciantes de carne de pollo para reforzar las medidas de higiene en sus establecimientos, a fin de ofrecer un producto manejado bajo condiciones de sanidad e higiene.<\/p>\n<p style=\"text-align: justify;\">Tambi\u00e9n, los trabajos para la revisi\u00f3n de negocios de venta de este c\u00e1rnico, a trav\u00e9s de la Comisi\u00f3n Estatal para la Protecci\u00f3n contra Riesgos Sanitarios de Tlaxcala (Coeprist) y la Direcci\u00f3n Estatal de Epidemiolog\u00eda.<\/p>\n<p style=\"text-align: justify;\">Cabe recordar que, desde la emisi\u00f3n del aviso epidemiol\u00f3gico, a inicios de marzo pasado, las autoridades del sector mantienen una campa\u00f1a de orientaci\u00f3n y asesor\u00eda dirigida a los establecimientos dedicados a la venta de carne de pollo para indicarles la normatividad y las medidas que deben cumplir, a efecto de evitar la contaminaci\u00f3n de carne cruda y cuidar la salud de los consumidores.<\/p>\n<p style=\"text-align: justify;\">El Sector Salud permanece atento a la recuperaci\u00f3n de los pacientes hospitalizados, y mantiene activas acciones de promoci\u00f3n de medidas sanitarias para reducir los riesgos de infecci\u00f3n por la bacteria Campylobacter, causante de padecimientos gastrointestinales, as\u00ed como de la PFA.<\/p>\n<p>&nbsp;<\/p>\n<p><img loading=\"lazy\" decoding=\"async\" class=\"alignnone wp-image-28405 size-full\" src=\"https:\/\/labestiapolitica.com.mx\/wp-content\/uploads\/2024\/06\/U-NOVA-y-se-diferente.png\" alt=\"\" width=\"1000\" height=\"600\" srcset=\"https:\/\/labestiapolitica.com.mx\/wp-content\/uploads\/2024\/06\/U-NOVA-y-se-diferente.png 1000w, https:\/\/labestiapolitica.com.mx\/wp-content\/uploads\/2024\/06\/U-NOVA-y-se-diferente-300x180.png 300w, https:\/\/labestiapolitica.com.mx\/wp-content\/uploads\/2024\/06\/U-NOVA-y-se-diferente-768x461.png 768w\" sizes=\"auto, (max-width: 1000px) 100vw, 1000px\" \/><\/p>\n","protected":false},"excerpt":{"rendered":"<p>Se mantiene la tendencia a la baja del padecimiento, desde el pasado 17 de marzo, a la fecha El Sector Salud de Tlaxcala inform\u00f3 que aument\u00f3 a 84 el n\u00famero de pacientes dados de alta tras recibir tratamiento por Par\u00e1lisis Fl\u00e1cida Aguda (PFA), afecci\u00f3n del sistema nervioso que causa debilidad muscular y par\u00e1lisis. De los [&hellip;]<\/p>\n","protected":false},"author":3,"featured_media":28411,"comment_status":"open","ping_status":"open","sticky":false,"template":"","format":"standard","meta":{"footnotes":""},"categories":[7],"tags":[],"class_list":["post-28410","post","type-post","status-publish","format-standard","has-post-thumbnail","hentry","category-ciudadanos"],"amp_enabled":true,"_links":{"self":[{"href":"https:\/\/labestiapolitica.com.mx\/index.php?rest_route=\/wp\/v2\/posts\/28410","targetHints":{"allow":["GET"]}}],"collection":[{"href":"https:\/\/labestiapolitica.com.mx\/index.php?rest_route=\/wp\/v2\/posts"}],"about":[{"href":"https:\/\/labestiapolitica.com.mx\/index.php?rest_route=\/wp\/v2\/types\/post"}],"author":[{"embeddable":true,"href":"https:\/\/labestiapolitica.com.mx\/index.php?rest_route=\/wp\/v2\/users\/3"}],"replies":[{"embeddable":true,"href":"https:\/\/labestiapolitica.com.mx\/index.php?rest_route=%2Fwp%2Fv2%2Fcomments&post=28410"}],"version-history":[{"count":1,"href":"https:\/\/labestiapolitica.com.mx\/index.php?rest_route=\/wp\/v2\/posts\/28410\/revisions"}],"predecessor-version":[{"id":28412,"href":"https:\/\/labestiapolitica.com.mx\/index.php?rest_route=\/wp\/v2\/posts\/28410\/revisions\/28412"}],"wp:featuredmedia":[{"embeddable":true,"href":"https:\/\/labestiapolitica.com.mx\/index.php?rest_route=\/wp\/v2\/media\/28411"}],"wp:attachment":[{"href":"https:\/\/labestiapolitica.com.mx\/index.php?rest_route=%2Fwp%2Fv2%2Fmedia&parent=28410"}],"wp:term":[{"taxonomy":"category","embeddable":true,"href":"https:\/\/labestiapolitica.com.mx\/index.php?rest_route=%2Fwp%2Fv2%2Fcategories&post=28410"},{"taxonomy":"post_tag","embeddable":true,"href":"https:\/\/labestiapolitica.com.mx\/index.php?rest_route=%2Fwp%2Fv2%2Ftags&post=28410"}],"curies":[{"name":"wp","href":"https:\/\/api.w.org\/{rel}","templated":true}]}}