{"id":28420,"date":"2024-06-11T18:57:55","date_gmt":"2024-06-12T00:57:55","guid":{"rendered":"https:\/\/labestiapolitica.com.mx\/?p=28420"},"modified":"2024-06-19T13:26:16","modified_gmt":"2024-06-19T19:26:16","slug":"convocan-a-artistas-a-participar-en-el-9-festival-unidos-por-el-arte","status":"publish","type":"post","link":"https:\/\/labestiapolitica.com.mx\/?p=28420","title":{"rendered":"Convocan a artistas a participar en el 9\u00b0 festival \u00abUnidos por el arte\u00bb."},"content":{"rendered":"<ul>\n<li style=\"text-align: justify;\">Busca fomentar el desarrollo art\u00edstico y cultural en la regi\u00f3n, brindando a las y los artistas pl\u00e1sticos una plataforma para mostrar su talento<\/li>\n<\/ul>\n<p style=\"text-align: justify;\">El gobierno del estado, en colaboraci\u00f3n con el Instituto Nacional de Bellas Artes y Literatura (Inbal) y la Secretar\u00eda de Cultura de Tlaxcala (SC), a trav\u00e9s de la Escuela de Arte, invita a las y los artistas pl\u00e1sticos a participar en el 9\u00b0 Festival \u00abUnidos por el Arte\u00bb.<\/p>\n<p style=\"text-align: justify;\">Los interesados deber\u00e1n proporcionar sus datos personales completos, como nombre, edad, nacionalidad, domicilio actual y contacto (n\u00famero telef\u00f3nico y correo electr\u00f3nico vigente), as\u00ed como una breve semblanza que destaque sus estudios realizados y exposiciones m\u00e1s relevantes.<\/p>\n<p style=\"text-align: justify;\">Adem\u00e1s, deber\u00e1n incluir cinco im\u00e1genes representativas de su trabajo, junto con sus respectivas fichas t\u00e9cnicas y presentar una propuesta de taller que incluya el t\u00edtulo del mismo, el tipo (dibujo, figura humana, pintura, grabado, multimedia, etc.), duraci\u00f3n (m\u00ednimo 4 horas, m\u00e1ximo 8 horas), requisitos de participaci\u00f3n, objetivos, descripci\u00f3n de actividades, material y equipo a utilizar.<\/p>\n<p style=\"text-align: justify;\">El festival se llevar\u00e1 a cabo en la Escuela de Arte, ubicada en calle Fernando Solana N\u00fam. 01, Primera Secci\u00f3n, en San Luis Apizaquito, Apizaco, Tlaxcala.<\/p>\n<p style=\"text-align: justify;\">La selecci\u00f3n de proyectos estar\u00e1 a cargo de la direcci\u00f3n de la escuela de arte de Tlaxcala y su cuerpo acad\u00e9mico. Los resultados se comunicar\u00e1n a trav\u00e9s del correo electr\u00f3nico los d\u00edas 30 y 31 de julio de 2024.<\/p>\n<p style=\"text-align: justify;\">Los autores de los talleres seleccionados recibir\u00e1n beneficios que incluyen hospedaje en hotel c\u00e9ntrico, transporte y alimentaci\u00f3n, as\u00ed como una constancia de participaci\u00f3n con valor curricular firmada y sellada por las autoridades de la Escuela de Arte de Tlaxcala.<\/p>\n<p style=\"text-align: justify;\">Adem\u00e1s, se realizar\u00e1 el pago de honorarios por taller aceptado, siempre y cuando se cumplan con los requisitos especificados.<\/p>\n<p style=\"text-align: justify;\">Los postulantes deben enviar un documento en formato PDF antes del 12 de julio de 2024, a los correos rosamal8527@gmail.com y admisi\u00f3n.edart@inba.edu.mx, que contenga todos los elementos mencionados en la presente convocatoria.<\/p>\n<p style=\"text-align: justify;\">Se solicita a los participantes consultar las bases completas en el siguiente link https:\/\/bit.ly\/4aVFVlX o bien en las redes sociales oficiales de la Secretar\u00eda de Cultura de Tlaxcala: en Facebook, como Secretar\u00eda de Cultura Tlaxcala , o en \u201cX\u201d e Instagram, como @Secutlax.<\/p>\n<p>&nbsp;<\/p>\n<p><img loading=\"lazy\" decoding=\"async\" class=\"alignnone wp-image-28405 size-full\" src=\"https:\/\/labestiapolitica.com.mx\/wp-content\/uploads\/2024\/06\/U-NOVA-y-se-diferente.png\" alt=\"\" width=\"1000\" height=\"600\" srcset=\"https:\/\/labestiapolitica.com.mx\/wp-content\/uploads\/2024\/06\/U-NOVA-y-se-diferente.png 1000w, https:\/\/labestiapolitica.com.mx\/wp-content\/uploads\/2024\/06\/U-NOVA-y-se-diferente-300x180.png 300w, https:\/\/labestiapolitica.com.mx\/wp-content\/uploads\/2024\/06\/U-NOVA-y-se-diferente-768x461.png 768w\" sizes=\"auto, (max-width: 1000px) 100vw, 1000px\" \/><\/p>\n","protected":false},"excerpt":{"rendered":"<p>Busca fomentar el desarrollo art\u00edstico y cultural en la regi\u00f3n, brindando a las y los artistas pl\u00e1sticos una plataforma para mostrar su talento El gobierno del estado, en colaboraci\u00f3n con el Instituto Nacional de Bellas Artes y Literatura (Inbal) y la Secretar\u00eda de Cultura de Tlaxcala (SC), a trav\u00e9s de la Escuela de Arte, invita [&hellip;]<\/p>\n","protected":false},"author":3,"featured_media":28424,"comment_status":"open","ping_status":"open","sticky":false,"template":"","format":"standard","meta":{"footnotes":""},"categories":[7],"tags":[],"class_list":["post-28420","post","type-post","status-publish","format-standard","has-post-thumbnail","hentry","category-ciudadanos"],"amp_enabled":true,"_links":{"self":[{"href":"https:\/\/labestiapolitica.com.mx\/index.php?rest_route=\/wp\/v2\/posts\/28420","targetHints":{"allow":["GET"]}}],"collection":[{"href":"https:\/\/labestiapolitica.com.mx\/index.php?rest_route=\/wp\/v2\/posts"}],"about":[{"href":"https:\/\/labestiapolitica.com.mx\/index.php?rest_route=\/wp\/v2\/types\/post"}],"author":[{"embeddable":true,"href":"https:\/\/labestiapolitica.com.mx\/index.php?rest_route=\/wp\/v2\/users\/3"}],"replies":[{"embeddable":true,"href":"https:\/\/labestiapolitica.com.mx\/index.php?rest_route=%2Fwp%2Fv2%2Fcomments&post=28420"}],"version-history":[{"count":2,"href":"https:\/\/labestiapolitica.com.mx\/index.php?rest_route=\/wp\/v2\/posts\/28420\/revisions"}],"predecessor-version":[{"id":28426,"href":"https:\/\/labestiapolitica.com.mx\/index.php?rest_route=\/wp\/v2\/posts\/28420\/revisions\/28426"}],"wp:featuredmedia":[{"embeddable":true,"href":"https:\/\/labestiapolitica.com.mx\/index.php?rest_route=\/wp\/v2\/media\/28424"}],"wp:attachment":[{"href":"https:\/\/labestiapolitica.com.mx\/index.php?rest_route=%2Fwp%2Fv2%2Fmedia&parent=28420"}],"wp:term":[{"taxonomy":"category","embeddable":true,"href":"https:\/\/labestiapolitica.com.mx\/index.php?rest_route=%2Fwp%2Fv2%2Fcategories&post=28420"},{"taxonomy":"post_tag","embeddable":true,"href":"https:\/\/labestiapolitica.com.mx\/index.php?rest_route=%2Fwp%2Fv2%2Ftags&post=28420"}],"curies":[{"name":"wp","href":"https:\/\/api.w.org\/{rel}","templated":true}]}}