{"id":28430,"date":"2024-06-11T19:14:46","date_gmt":"2024-06-12T01:14:46","guid":{"rendered":"https:\/\/labestiapolitica.com.mx\/?p=28430"},"modified":"2024-06-11T19:14:46","modified_gmt":"2024-06-12T01:14:46","slug":"invita-sector-salud-a-la-carrera-por-el-dia-del-padre","status":"publish","type":"post","link":"https:\/\/labestiapolitica.com.mx\/?p=28430","title":{"rendered":"Invita Sector Salud a la carrera por el d\u00eda del padre."},"content":{"rendered":"<ul>\n<li style=\"text-align: justify;\">Se realizar\u00e1 el pr\u00f3ximo domingo y el registro de participantes es gratuito<\/li>\n<\/ul>\n<p style=\"text-align: justify;\">\nEn conmemoraci\u00f3n del D\u00eda del Padre, el Sector Salud de Tlaxcala invita a la poblaci\u00f3n a participar en la carrera familiar de 5 kil\u00f3metros denominada \u201cCorre, trota o camina con pap\u00e1\u201d, que se realizar\u00e1 el pr\u00f3ximo domingo 16 de junio en las principales calles de la ciudad de Tlaxcala, a partir de las 8:00 horas.<\/p>\n<p style=\"text-align: justify;\">A trav\u00e9s del Programa de Planificaci\u00f3n Familiar y Anticoncepci\u00f3n, se festejar\u00e1 a pap\u00e1, acompa\u00f1ado de la familia e hijos, con una actividad que promueve la actividad f\u00edsica en el hogar.<\/p>\n<p style=\"text-align: justify;\">La carrera iniciar\u00e1 a un costado de Palacio de Gobierno y culminar\u00e1 en la explana del Parque Ju\u00e1rez, frente al Congreso local, donde se premiar\u00e1 a los primeros lugares y se colocar\u00e1n diversos stands que brindar\u00e1n informaci\u00f3n de los diversos servicios de salud que se ofrecen a la poblaci\u00f3n en el estado.<\/p>\n<p style=\"text-align: justify;\">El registro es gratuito para toda la poblaci\u00f3n al n\u00famero de tel\u00e9fono 2461506969, en un horario de 8:30 a 15:00 horas. Todos los asistentes podr\u00e1n correr, trotar o caminar toda vez que el objetivo es pasar un incre\u00edble momento en compa\u00f1\u00eda de la familia para festejar a los pap\u00e1s.<\/p>\n<p style=\"text-align: justify;\">Al t\u00e9rmino de la carrera, las y los asistentes podr\u00e1n visitar los stands informativos para conocer todos los servicios en salud como: salud sexual reproductiva en adolescentes, salud materna y perinatal, planificaci\u00f3n familiar y anticoncepci\u00f3n, violencia y aborto, salud mental y adicciones, salud bucal, vacunas, igualdad de g\u00e9nero, atenci\u00f3n a la salud de la infancia y adolescencia, entre otros m\u00e1s.<\/p>\n<p style=\"text-align: justify;\">Con estas acciones, el gobierno estatal, a trav\u00e9s del Sector Salud, fomenta la salud de la poblaci\u00f3n y sus familias, mediante la activaci\u00f3n f\u00edsica y la orientaci\u00f3n en temas relacionados con su salud.<\/p>\n<p>&nbsp;<\/p>\n<p><img loading=\"lazy\" decoding=\"async\" class=\"alignnone wp-image-28405 size-full\" src=\"https:\/\/labestiapolitica.com.mx\/wp-content\/uploads\/2024\/06\/U-NOVA-y-se-diferente.png\" alt=\"\" width=\"1000\" height=\"600\" srcset=\"https:\/\/labestiapolitica.com.mx\/wp-content\/uploads\/2024\/06\/U-NOVA-y-se-diferente.png 1000w, https:\/\/labestiapolitica.com.mx\/wp-content\/uploads\/2024\/06\/U-NOVA-y-se-diferente-300x180.png 300w, https:\/\/labestiapolitica.com.mx\/wp-content\/uploads\/2024\/06\/U-NOVA-y-se-diferente-768x461.png 768w\" sizes=\"auto, (max-width: 1000px) 100vw, 1000px\" \/><\/p>\n","protected":false},"excerpt":{"rendered":"<p>Se realizar\u00e1 el pr\u00f3ximo domingo y el registro de participantes es gratuito En conmemoraci\u00f3n del D\u00eda del Padre, el Sector Salud de Tlaxcala invita a la poblaci\u00f3n a participar en la carrera familiar de 5 kil\u00f3metros denominada \u201cCorre, trota o camina con pap\u00e1\u201d, que se realizar\u00e1 el pr\u00f3ximo domingo 16 de junio en las principales [&hellip;]<\/p>\n","protected":false},"author":3,"featured_media":28431,"comment_status":"open","ping_status":"open","sticky":false,"template":"","format":"standard","meta":{"footnotes":""},"categories":[7],"tags":[],"class_list":["post-28430","post","type-post","status-publish","format-standard","has-post-thumbnail","hentry","category-ciudadanos"],"amp_enabled":true,"_links":{"self":[{"href":"https:\/\/labestiapolitica.com.mx\/index.php?rest_route=\/wp\/v2\/posts\/28430","targetHints":{"allow":["GET"]}}],"collection":[{"href":"https:\/\/labestiapolitica.com.mx\/index.php?rest_route=\/wp\/v2\/posts"}],"about":[{"href":"https:\/\/labestiapolitica.com.mx\/index.php?rest_route=\/wp\/v2\/types\/post"}],"author":[{"embeddable":true,"href":"https:\/\/labestiapolitica.com.mx\/index.php?rest_route=\/wp\/v2\/users\/3"}],"replies":[{"embeddable":true,"href":"https:\/\/labestiapolitica.com.mx\/index.php?rest_route=%2Fwp%2Fv2%2Fcomments&post=28430"}],"version-history":[{"count":1,"href":"https:\/\/labestiapolitica.com.mx\/index.php?rest_route=\/wp\/v2\/posts\/28430\/revisions"}],"predecessor-version":[{"id":28432,"href":"https:\/\/labestiapolitica.com.mx\/index.php?rest_route=\/wp\/v2\/posts\/28430\/revisions\/28432"}],"wp:featuredmedia":[{"embeddable":true,"href":"https:\/\/labestiapolitica.com.mx\/index.php?rest_route=\/wp\/v2\/media\/28431"}],"wp:attachment":[{"href":"https:\/\/labestiapolitica.com.mx\/index.php?rest_route=%2Fwp%2Fv2%2Fmedia&parent=28430"}],"wp:term":[{"taxonomy":"category","embeddable":true,"href":"https:\/\/labestiapolitica.com.mx\/index.php?rest_route=%2Fwp%2Fv2%2Fcategories&post=28430"},{"taxonomy":"post_tag","embeddable":true,"href":"https:\/\/labestiapolitica.com.mx\/index.php?rest_route=%2Fwp%2Fv2%2Ftags&post=28430"}],"curies":[{"name":"wp","href":"https:\/\/api.w.org\/{rel}","templated":true}]}}