{"id":28438,"date":"2024-06-11T19:24:56","date_gmt":"2024-06-12T01:24:56","guid":{"rendered":"https:\/\/labestiapolitica.com.mx\/?p=28438"},"modified":"2024-06-11T19:24:56","modified_gmt":"2024-06-12T01:24:56","slug":"inaugura-icatlax-nuevo-modulo-de-capacitacion-en-nativitas","status":"publish","type":"post","link":"https:\/\/labestiapolitica.com.mx\/?p=28438","title":{"rendered":"Inaugura Icatlax nuevo m\u00f3dulo de capacitaci\u00f3n en Nativitas."},"content":{"rendered":"<ul>\n<li style=\"text-align: justify;\">Las instalaciones se suman a las nueve unidades de capacitaci\u00f3n y una acci\u00f3n m\u00f3vil distribuidas en el estado<\/li>\n<\/ul>\n<p style=\"text-align: justify;\">Con el objetivo de acercar cursos a la poblaci\u00f3n que generen herramientas y fomenten el emprendimiento, el Instituto de Capacitaci\u00f3n para el Trabajo del Estado de Tlaxcala (Icatlax) inaugur\u00f3 un m\u00f3dulo para la formaci\u00f3n de hombres y mujeres mayores de 15 a\u00f1os en la comunidad de Xiloxotitla, municipio de Nativitas.<\/p>\n<p style=\"text-align: justify;\">A trav\u00e9s de una firma de comodato por tres a\u00f1os entre el presidente de comunidad, Yair Linares Botis, y el director general del Instituto, Juan Javier Potrero Tizamitl, se refrend\u00f3 el compromiso de trabajar conjuntamente en beneficio de las familias tlaxcaltecas.<\/p>\n<p style=\"text-align: justify;\">Potrero Tizamitl agradeci\u00f3 las facilidades brindadas y destac\u00f3 el compromiso de la instituci\u00f3n por ofertar una capacitaci\u00f3n de calidad para todas aquellas personas que deseen aprender y reforzar sus conocimientos, habilidades y destrezas, que les permitan auto emplearse y generar ingresos para sus familias.<\/p>\n<p style=\"text-align: justify;\">Destac\u00f3 que el objetivo de la gobernadora Lorena Cu\u00e9llar es hacer llegar los m\u00faltiples beneficios a todos los rincones del estado y generar un bienestar real en la sociedad.<\/p>\n<p style=\"text-align: justify;\">En las instalaciones de Xiloxotitla se ofertar\u00e1n los cursos de: ingl\u00e9s, panader\u00eda, reposter\u00eda, cocteler\u00eda y snacks, corte y peinado del cabello, dise\u00f1o y decoraci\u00f3n de u\u00f1as, extensi\u00f3n de pesta\u00f1as, planchado de cejas, globoflexia y arreglos florales.<\/p>\n<p style=\"text-align: justify;\">Durante el evento estuvieron presentes el presidente municipal de Nativitas, Carlos Garc\u00eda Sampedro; y Miguel \u00c1ngel Castro Franco, director del plantel Icatlax Tepetitla, as\u00ed como alumnas del Instituto.<\/p>\n<p>&nbsp;<\/p>\n<p><img loading=\"lazy\" decoding=\"async\" class=\"alignnone wp-image-28405 size-full\" src=\"https:\/\/labestiapolitica.com.mx\/wp-content\/uploads\/2024\/06\/U-NOVA-y-se-diferente.png\" alt=\"\" width=\"1000\" height=\"600\" srcset=\"https:\/\/labestiapolitica.com.mx\/wp-content\/uploads\/2024\/06\/U-NOVA-y-se-diferente.png 1000w, https:\/\/labestiapolitica.com.mx\/wp-content\/uploads\/2024\/06\/U-NOVA-y-se-diferente-300x180.png 300w, https:\/\/labestiapolitica.com.mx\/wp-content\/uploads\/2024\/06\/U-NOVA-y-se-diferente-768x461.png 768w\" sizes=\"auto, (max-width: 1000px) 100vw, 1000px\" \/><\/p>\n","protected":false},"excerpt":{"rendered":"<p>Las instalaciones se suman a las nueve unidades de capacitaci\u00f3n y una acci\u00f3n m\u00f3vil distribuidas en el estado Con el objetivo de acercar cursos a la poblaci\u00f3n que generen herramientas y fomenten el emprendimiento, el Instituto de Capacitaci\u00f3n para el Trabajo del Estado de Tlaxcala (Icatlax) inaugur\u00f3 un m\u00f3dulo para la formaci\u00f3n de hombres y [&hellip;]<\/p>\n","protected":false},"author":3,"featured_media":28439,"comment_status":"open","ping_status":"open","sticky":false,"template":"","format":"standard","meta":{"footnotes":""},"categories":[7],"tags":[],"class_list":["post-28438","post","type-post","status-publish","format-standard","has-post-thumbnail","hentry","category-ciudadanos"],"amp_enabled":true,"_links":{"self":[{"href":"https:\/\/labestiapolitica.com.mx\/index.php?rest_route=\/wp\/v2\/posts\/28438","targetHints":{"allow":["GET"]}}],"collection":[{"href":"https:\/\/labestiapolitica.com.mx\/index.php?rest_route=\/wp\/v2\/posts"}],"about":[{"href":"https:\/\/labestiapolitica.com.mx\/index.php?rest_route=\/wp\/v2\/types\/post"}],"author":[{"embeddable":true,"href":"https:\/\/labestiapolitica.com.mx\/index.php?rest_route=\/wp\/v2\/users\/3"}],"replies":[{"embeddable":true,"href":"https:\/\/labestiapolitica.com.mx\/index.php?rest_route=%2Fwp%2Fv2%2Fcomments&post=28438"}],"version-history":[{"count":1,"href":"https:\/\/labestiapolitica.com.mx\/index.php?rest_route=\/wp\/v2\/posts\/28438\/revisions"}],"predecessor-version":[{"id":28440,"href":"https:\/\/labestiapolitica.com.mx\/index.php?rest_route=\/wp\/v2\/posts\/28438\/revisions\/28440"}],"wp:featuredmedia":[{"embeddable":true,"href":"https:\/\/labestiapolitica.com.mx\/index.php?rest_route=\/wp\/v2\/media\/28439"}],"wp:attachment":[{"href":"https:\/\/labestiapolitica.com.mx\/index.php?rest_route=%2Fwp%2Fv2%2Fmedia&parent=28438"}],"wp:term":[{"taxonomy":"category","embeddable":true,"href":"https:\/\/labestiapolitica.com.mx\/index.php?rest_route=%2Fwp%2Fv2%2Fcategories&post=28438"},{"taxonomy":"post_tag","embeddable":true,"href":"https:\/\/labestiapolitica.com.mx\/index.php?rest_route=%2Fwp%2Fv2%2Ftags&post=28438"}],"curies":[{"name":"wp","href":"https:\/\/api.w.org\/{rel}","templated":true}]}}