{"id":28511,"date":"2024-06-13T23:20:34","date_gmt":"2024-06-14T05:20:34","guid":{"rendered":"https:\/\/labestiapolitica.com.mx\/?p=28511"},"modified":"2024-06-19T13:25:35","modified_gmt":"2024-06-19T19:25:35","slug":"ni-hubo-eleccion-de-estado-en-tlaxcala-ni-fui-coordinador-de-campana-de-morena-luis-antonio-ramirez","status":"publish","type":"post","link":"https:\/\/labestiapolitica.com.mx\/?p=28511","title":{"rendered":"\u201cNi hubo elecci\u00f3n de estado en Tlaxcala, ni fui coordinador de campa\u00f1a de Morena\u201d: Luis Antonio Ram\u00edrez."},"content":{"rendered":"<div class=\"flex-shrink-0 flex flex-col relative items-end\">\n<div class=\"pt-0.5 juice:pt-0\">\n<div class=\"gizmo-bot-avatar flex h-6 w-6 items-center justify-center overflow-hidden rounded-full juice:h-8 juice:w-8\">\n<div class=\"relative p-1 rounded-sm flex items-center justify-center bg-token-main-surface-primary text-token-text-primary h-8 w-8\">\n<div class=\"flex-shrink-0 flex flex-col relative items-end\">\n<div>\n<div class=\"pt-0.5 juice:pt-0\">\n<div class=\"gizmo-bot-avatar flex h-6 w-6 items-center justify-center overflow-hidden rounded-full juice:h-8 juice:w-8\">\n<div><\/div>\n<div class=\"relative p-1 rounded-sm flex items-center justify-center bg-token-main-surface-primary text-token-text-primary h-8 w-8\" style=\"text-align: justify;\">Fabiola M\u00c1RQUEZ\/ De forma rotunda, el Secretario de Gobierno del estado de Tlaxcala, Luis Antonio Ram\u00edrez Hern\u00e1ndez neg\u00f3 rotundamente que haya existido una elecci\u00f3n de Estado en Tlaxcala y que \u00e9l haya asumido la coordinaci\u00f3n de la campa\u00f1a de Morena y sus aliados, luego que diversos partidos de oposici\u00f3n se quejaron tras ser derrotados en la pasada elecci\u00f3n del dos de junio.<\/div>\n<div><\/div>\n<div class=\"relative p-1 rounded-sm flex items-center justify-center bg-token-main-surface-primary text-token-text-primary h-8 w-8\" style=\"text-align: justify;\">En una entrevista colectiva, minutos despu\u00e9s que fungi\u00f3 como orador en el homenaje luctuoso al ex gobernador Emilio S\u00e1nchez Piedras en Apizaco, remarc\u00f3 que el \u00fanico papel del gobierno estatal fue garantizar la seguridad y colaborar con los institutos Nacional Electoral (INE) y Tlaxcalteca de Elecciones (ITE).<\/div>\n<div><\/div>\n<div><span style=\"text-align: justify;\">\u00abEl gobierno de Lorena Cu\u00e9llar fue respetuoso de las instancias electorales, brindando apoyo administrativo y de seguridad para que pudieran realizar su trabajo. Tambi\u00e9n mencion\u00f3 que se implementaron protocolos de seguridad para garantizar el mecanismo de participaci\u00f3n social adecuado, pero jam\u00e1s metimos las manos en el proceso electoral\u00bb, enfatiz\u00f3.\u00a0<\/span><\/div>\n<\/div>\n<\/div>\n<\/div>\n<\/div>\n<div class=\"group\/conversation-turn relative flex w-full min-w-0 flex-col agent-turn\" style=\"text-align: justify;\">\n<div class=\"flex-col gap-1 md:gap-3\">\n<div class=\"flex flex-grow flex-col max-w-full\">\n<div class=\"min-h-[20px] text-message flex flex-col items-start whitespace-pre-wrap break-words [.text-message+&amp;]:mt-5 juice:w-full juice:items-end overflow-x-auto gap-2\" dir=\"auto\" data-message-author-role=\"assistant\" data-message-id=\"2287423e-71f0-47ee-aadb-7ffde0264951\">\n<div class=\"flex w-full flex-col gap-1 juice:empty:hidden juice:first:pt-[3px]\">\n<div class=\"markdown prose w-full break-words dark:prose-invert dark\"><\/div>\n<\/div>\n<\/div>\n<\/div>\n<\/div>\n<\/div>\n<\/div>\n<\/div>\n<\/div>\n<\/div>\n<div class=\"group\/conversation-turn relative flex w-full min-w-0 flex-col agent-turn\">\n<div class=\"flex-col gap-1 md:gap-3\">\n<div class=\"flex flex-grow flex-col max-w-full\">\n<div class=\"min-h-[20px] text-message flex flex-col items-start whitespace-pre-wrap break-words [.text-message+&amp;]:mt-5 juice:w-full juice:items-end overflow-x-auto gap-2\" dir=\"auto\" data-message-author-role=\"assistant\" data-message-id=\"63ce9482-05a3-46e2-b210-1569bc8556f2\">\n<div class=\"flex w-full flex-col gap-1 juice:empty:hidden juice:first:pt-[3px]\">\n<div class=\"markdown prose w-full break-words dark:prose-invert dark\" style=\"text-align: justify;\">\n<p>Recordar que voces de partidos como el PAN, PRI y PRD expresaron en su momento preocupaci\u00f3n y desconfianza respecto a la imparcialidad del proceso electoral en el estado, quienes en su momento a trav\u00e9s de sus dirigentes cuestionaron al titular de la SEGOB, pues m\u00e1s que fungir como el encargado de la pol\u00edtica interna del Estado, lo hizo como coordinador de las campa\u00f1as pol\u00edticas morenistas.<\/p>\n<\/div>\n<p style=\"text-align: justify;\">En otros temas, Ram\u00edrez Hern\u00e1ndez no descart\u00f3 que de ser necesario se continuar\u00e1 investigando\u00a0 a exalcaldes a fin de dar certeza en el manejo de sus recursos y finanzas.<\/p>\n<p style=\"text-align: justify;\">Rechaz\u00f3 que la aprehensi\u00f3n del alcalde de Zacatelco, Hidelberto N., y del exalcalde de Panotla, Eymard N., tenga que ver con tintes pol\u00edticos o bien, que ambos procesos penales repercutieran en los resultados electorales del pasado 2 de junio y por el contrario justific\u00f3 que \u201cEl derecho se tiene que aplicar, es lo que el pueblo demanda\u201d.<\/p>\n<p style=\"text-align: justify;\">Adem\u00e1s, descarto la \u00abcacer\u00eda de brujas\u00bb por parte de las autoridades, y tambi\u00e9n record\u00f3 que existe una Fiscal\u00eda Especializada en combate a la Corrupci\u00f3n (FECC), que tiene una independencia en su actuaci\u00f3n, se\u00f1alando que permite realizar de acuerdo a sus tiempos que consideren una investigaci\u00f3n, para posteriormente ser analizado por autoridades del poder judicial y se determina su detenci\u00f3n o no.\u00a0\u201c Esto no se trata de situaciones de impacto pol\u00edtico bajo ninguna circunstancia, se trata de la responsabilidad que tenemos como funcionarios p\u00fablicos\u201d. refiri\u00f3 .<\/p>\n<p style=\"text-align: justify;\">o .<\/p>\n<\/div>\n<\/div>\n<\/div>\n<\/div>\n<\/div>\n","protected":false},"excerpt":{"rendered":"<p>Fabiola M\u00c1RQUEZ\/ De forma rotunda, el Secretario de Gobierno del estado de Tlaxcala, Luis Antonio Ram\u00edrez Hern\u00e1ndez neg\u00f3 rotundamente que haya existido una elecci\u00f3n de Estado en Tlaxcala y que \u00e9l haya asumido la coordinaci\u00f3n de la campa\u00f1a de Morena y sus aliados, luego que diversos partidos de oposici\u00f3n se quejaron tras ser derrotados en [&hellip;]<\/p>\n","protected":false},"author":3,"featured_media":28512,"comment_status":"open","ping_status":"open","sticky":false,"template":"","format":"standard","meta":{"footnotes":""},"categories":[7],"tags":[],"class_list":["post-28511","post","type-post","status-publish","format-standard","has-post-thumbnail","hentry","category-ciudadanos"],"amp_enabled":true,"_links":{"self":[{"href":"https:\/\/labestiapolitica.com.mx\/index.php?rest_route=\/wp\/v2\/posts\/28511","targetHints":{"allow":["GET"]}}],"collection":[{"href":"https:\/\/labestiapolitica.com.mx\/index.php?rest_route=\/wp\/v2\/posts"}],"about":[{"href":"https:\/\/labestiapolitica.com.mx\/index.php?rest_route=\/wp\/v2\/types\/post"}],"author":[{"embeddable":true,"href":"https:\/\/labestiapolitica.com.mx\/index.php?rest_route=\/wp\/v2\/users\/3"}],"replies":[{"embeddable":true,"href":"https:\/\/labestiapolitica.com.mx\/index.php?rest_route=%2Fwp%2Fv2%2Fcomments&post=28511"}],"version-history":[{"count":2,"href":"https:\/\/labestiapolitica.com.mx\/index.php?rest_route=\/wp\/v2\/posts\/28511\/revisions"}],"predecessor-version":[{"id":28514,"href":"https:\/\/labestiapolitica.com.mx\/index.php?rest_route=\/wp\/v2\/posts\/28511\/revisions\/28514"}],"wp:featuredmedia":[{"embeddable":true,"href":"https:\/\/labestiapolitica.com.mx\/index.php?rest_route=\/wp\/v2\/media\/28512"}],"wp:attachment":[{"href":"https:\/\/labestiapolitica.com.mx\/index.php?rest_route=%2Fwp%2Fv2%2Fmedia&parent=28511"}],"wp:term":[{"taxonomy":"category","embeddable":true,"href":"https:\/\/labestiapolitica.com.mx\/index.php?rest_route=%2Fwp%2Fv2%2Fcategories&post=28511"},{"taxonomy":"post_tag","embeddable":true,"href":"https:\/\/labestiapolitica.com.mx\/index.php?rest_route=%2Fwp%2Fv2%2Ftags&post=28511"}],"curies":[{"name":"wp","href":"https:\/\/api.w.org\/{rel}","templated":true}]}}